
{"id":28807,"date":"2026-04-29T17:53:08","date_gmt":"2026-04-29T20:53:08","guid":{"rendered":"https:\/\/www.cmc.mg.gov.br\/?p=28807"},"modified":"2026-04-29T17:53:08","modified_gmt":"2026-04-29T20:53:08","slug":"comunicacao-em-libras-e-tema-da-tribuna-livre","status":"publish","type":"post","link":"https:\/\/www.cmc.mg.gov.br\/?p=28807","title":{"rendered":"Comunica\u00e7\u00e3o em Libras \u00e9 tema da Tribuna Livre"},"content":{"rendered":"<p style=\"text-align: justify;\">O censo do Instituto Brasileiro de Geografia e Estat\u00edstica (IBGE), de 2022, revelou que 2,6 milh\u00f5es de brasileiros possuem algum grau de defici\u00eancia auditiva. Essa popula\u00e7\u00e3o, muitas vezes, enfrenta dificuldades para acessar servi\u00e7os b\u00e1sicos e exercer seus direitos. Criada no final do s\u00e9culo XIX para viabilizar a comunica\u00e7\u00e3o de pessoas surdas, a L\u00edngua Brasileira de Sinais (Libras) ainda conta com n\u00famero insuficiente de int\u00e9rpretes e de institui\u00e7\u00f5es com profissionais qualificados para atender esse p\u00fablico.<\/p>\n<p style=\"text-align: justify;\">\nEm Minas Gerais, a C\u00e2mara Municipal de Contagem tem se destacado pela aprova\u00e7\u00e3o e implementa\u00e7\u00e3o de pol\u00edticas de acessibilidade comunicacional. Desde 2021, o Legislativo conta com int\u00e9rpretes em suas plen\u00e1rias. Em 2022, a C\u00e2mara realizou concurso p\u00fablico com a previs\u00e3o de duas vagas para int\u00e9rpretes, que passaram a compor o quadro de servidores efetivos da Casa.<\/p>\n<p style=\"text-align: justify;\">\nA iniciativa foi destacada por M\u00e1rcio Jardim na Tribuna Livre da 11\u00aa Reuni\u00e3o Ordin\u00e1ria, realizada em 29 de abril, em alus\u00e3o ao Dia Nacional da Libras, comemorado em 24 de abril. Ele integra, juntamente com Carmen Chaves, a equipe de int\u00e9rpretes da C\u00e2mara.<\/p>\n<figure id=\"attachment_28808\" aria-describedby=\"caption-attachment-28808\" style=\"width: 300px\" class=\"wp-caption alignleft\"><a href=\"https:\/\/www.cmc.mg.gov.br\/wordpress\/wp-content\/uploads\/2026\/04\/55236922293_a63912f81a_w.jpg\"><img loading=\"lazy\" decoding=\"async\" class=\"wp-image-28808 size-medium\" src=\"https:\/\/www.cmc.mg.gov.br\/wordpress\/wp-content\/uploads\/2026\/04\/55236922293_a63912f81a_w-300x200.jpg\" alt=\"\" width=\"300\" height=\"200\" srcset=\"https:\/\/www.cmc.mg.gov.br\/wordpress\/wp-content\/uploads\/2026\/04\/55236922293_a63912f81a_w-300x200.jpg 300w, https:\/\/www.cmc.mg.gov.br\/wordpress\/wp-content\/uploads\/2026\/04\/55236922293_a63912f81a_w.jpg 400w\" sizes=\"auto, (max-width: 300px) 100vw, 300px\" \/><\/a><figcaption id=\"caption-attachment-28808\" class=\"wp-caption-text\">M\u00e1rcio Jardim, int\u00e9rprete de libras da C\u00e2mara de Contagem. Foto: Cleide Amaral.<\/figcaption><\/figure>\n<p style=\"text-align: justify;\">O servidor ressaltou a import\u00e2ncia da Lei Federal n\u00ba 10.436\/2002, que reconhece a Libras como meio legal de comunica\u00e7\u00e3o e express\u00e3o, posteriormente regulamentada pelo Decreto n\u00ba 5.626\/2005, que estabelece a obrigatoriedade de sua utiliza\u00e7\u00e3o em diversos espa\u00e7os p\u00fablicos. Segundo ele, ao contar com int\u00e9rpretes nas plen\u00e1rias, a C\u00e2mara cumpre a legisla\u00e7\u00e3o vigente e respeita os direitos lingu\u00edsticos da popula\u00e7\u00e3o surda. \u201cA medida incentiva a participa\u00e7\u00e3o pol\u00edtica de pessoas surdas, amplia a representatividade e d\u00e1 voz a diferentes grupos sociais\u201d, afirmou.<\/p>\n<p style=\"text-align: justify;\">\nM\u00e1rcio tamb\u00e9m destacou a op\u00e7\u00e3o da C\u00e2mara pela contrata\u00e7\u00e3o de servidores efetivos por meio de concurso p\u00fablico, o que possibilita o atendimento \u00e0 popula\u00e7\u00e3o surda durante todo o expediente da Casa. Al\u00e9m disso, mencionou a\u00e7\u00f5es como a oferta de cursos de Libras para servidores \u2014 que j\u00e1 somam mais de 100 participantes entre 2022 e 2026 \u2014 e a aprova\u00e7\u00e3o da <a href=\"https:\/\/legislacao.contagem.mg.gov.br\/legislacao\/view\/19394%20\">Lei Municipal n\u00ba 5.618\/2025<\/a>, de autoria do vereador Mauricinho do Sandu\u00edche (PL), que torna obrigat\u00f3ria a presen\u00e7a de int\u00e9rpretes em eventos culturais com p\u00fablico superior a 500 pessoas no munic\u00edpio.<\/p>\n<p style=\"text-align: justify;\">\n\u201cA implementa\u00e7\u00e3o da Libras nas c\u00e2maras municipais \u00e9 uma medida essencial para garantir direitos e fortalecer. Trata-se de um passo importante na constru\u00e7\u00e3o de uma sociedade que valoriza a diversidade e assegura que todos os cidad\u00e3os tenham acesso pleno \u00e0 vida p\u00fablica\u201d, finalizou.<\/p>\n<p style=\"text-align: justify;\">\nO presidente da C\u00e2mara, vereador Bruno Barreiro (PV), parabenizou os int\u00e9rpretes da Casa e enfatizou que a import\u00e2ncia da Libras para a \u201cpromo\u00e7\u00e3o da inclus\u00e3o e representatividade\u201d.<\/p>\n<p style=\"text-align: justify;\">\nSaiba mais sobre a Libras e sobre as a\u00e7\u00f5es da C\u00e2mara de Contagem para a popula\u00e7\u00e3o surda na <a href=\"https:\/\/www.cmc.mg.gov.br\/?p=28771\">mat\u00e9ria<\/a>.<\/p>\n","protected":false},"excerpt":{"rendered":"<p>O censo do Instituto Brasileiro de Geografia e Estat\u00edstica (IBGE), de 2022, revelou que 2,6 milh\u00f5es de brasileiros possuem algum grau de defici\u00eancia auditiva. Essa popula\u00e7\u00e3o, muitas vezes, enfrenta dificuldades para acessar servi\u00e7os b\u00e1sicos e exercer seus direitos. Criada no final do s\u00e9culo XIX para viabilizar a comunica\u00e7\u00e3o de pessoas surdas, a L\u00edngua Brasileira de &hellip; <a href=\"https:\/\/www.cmc.mg.gov.br\/?p=28807\" class=\"more-link\">Continue lendo <span class=\"screen-reader-text\">Comunica\u00e7\u00e3o em Libras \u00e9 tema da Tribuna Livre<\/span> <span class=\"meta-nav\">&rarr;<\/span><\/a><\/p>\n","protected":false},"author":16,"featured_media":28809,"comment_status":"open","ping_status":"open","sticky":false,"template":"","format":"standard","meta":{"_exactmetrics_skip_tracking":false,"_exactmetrics_sitenote_active":false,"_exactmetrics_sitenote_note":"","_exactmetrics_sitenote_category":0,"footnotes":""},"categories":[27],"tags":[],"class_list":["post-28807","post","type-post","status-publish","format-standard","has-post-thumbnail","hentry","category-noticias"],"_links":{"self":[{"href":"https:\/\/www.cmc.mg.gov.br\/index.php?rest_route=\/wp\/v2\/posts\/28807","targetHints":{"allow":["GET"]}}],"collection":[{"href":"https:\/\/www.cmc.mg.gov.br\/index.php?rest_route=\/wp\/v2\/posts"}],"about":[{"href":"https:\/\/www.cmc.mg.gov.br\/index.php?rest_route=\/wp\/v2\/types\/post"}],"author":[{"embeddable":true,"href":"https:\/\/www.cmc.mg.gov.br\/index.php?rest_route=\/wp\/v2\/users\/16"}],"replies":[{"embeddable":true,"href":"https:\/\/www.cmc.mg.gov.br\/index.php?rest_route=%2Fwp%2Fv2%2Fcomments&post=28807"}],"version-history":[{"count":1,"href":"https:\/\/www.cmc.mg.gov.br\/index.php?rest_route=\/wp\/v2\/posts\/28807\/revisions"}],"predecessor-version":[{"id":28810,"href":"https:\/\/www.cmc.mg.gov.br\/index.php?rest_route=\/wp\/v2\/posts\/28807\/revisions\/28810"}],"wp:featuredmedia":[{"embeddable":true,"href":"https:\/\/www.cmc.mg.gov.br\/index.php?rest_route=\/wp\/v2\/media\/28809"}],"wp:attachment":[{"href":"https:\/\/www.cmc.mg.gov.br\/index.php?rest_route=%2Fwp%2Fv2%2Fmedia&parent=28807"}],"wp:term":[{"taxonomy":"category","embeddable":true,"href":"https:\/\/www.cmc.mg.gov.br\/index.php?rest_route=%2Fwp%2Fv2%2Fcategories&post=28807"},{"taxonomy":"post_tag","embeddable":true,"href":"https:\/\/www.cmc.mg.gov.br\/index.php?rest_route=%2Fwp%2Fv2%2Ftags&post=28807"}],"curies":[{"name":"wp","href":"https:\/\/api.w.org\/{rel}","templated":true}]}}