
{"id":28811,"date":"2026-04-29T18:13:14","date_gmt":"2026-04-29T21:13:14","guid":{"rendered":"https:\/\/www.cmc.mg.gov.br\/?p=28811"},"modified":"2026-04-29T18:24:44","modified_gmt":"2026-04-29T21:24:44","slug":"contra-a-desinformacao-contagem-cria-politica-de-educacao-midiatica","status":"publish","type":"post","link":"https:\/\/www.cmc.mg.gov.br\/?p=28811","title":{"rendered":"Contra a desinforma\u00e7\u00e3o: Contagem cria pol\u00edtica de educa\u00e7\u00e3o midi\u00e1tica"},"content":{"rendered":"<p style=\"text-align: justify;\">Em um cen\u00e1rio marcado pela expans\u00e3o do uso da internet &#8211; que j\u00e1 alcan\u00e7a mais de 80% dos brasileiros, segundo o Comit\u00ea Gestor da Internet no Brasil &#8211; e pela crescente circula\u00e7\u00e3o de conte\u00fados enganosos nas redes sociais, a educa\u00e7\u00e3o midi\u00e1tica tem se consolidado como ferramenta essencial para o desenvolvimento do pensamento cr\u00edtico e do uso respons\u00e1vel das tecnologias. Organismos internacionais como a Unesco apontam que a capacita\u00e7\u00e3o para identificar informa\u00e7\u00f5es confi\u00e1veis e compreender o funcionamento dos meios digitais \u00e9 fundamental para enfrentar a desinforma\u00e7\u00e3o e fortalecer a participa\u00e7\u00e3o cidad\u00e3.<\/p>\n<figure id=\"attachment_28814\" aria-describedby=\"caption-attachment-28814\" style=\"width: 200px\" class=\"wp-caption alignright\"><a href=\"https:\/\/www.cmc.mg.gov.br\/wordpress\/wp-content\/uploads\/2026\/04\/26-04-28-plenaria-foto-cleide-amaral.jpg\"><img loading=\"lazy\" decoding=\"async\" class=\"wp-image-28814 size-medium\" src=\"https:\/\/www.cmc.mg.gov.br\/wordpress\/wp-content\/uploads\/2026\/04\/26-04-28-plenaria-foto-cleide-amaral-200x300.jpg\" alt=\"\" width=\"200\" height=\"300\" srcset=\"https:\/\/www.cmc.mg.gov.br\/wordpress\/wp-content\/uploads\/2026\/04\/26-04-28-plenaria-foto-cleide-amaral-200x300.jpg 200w, https:\/\/www.cmc.mg.gov.br\/wordpress\/wp-content\/uploads\/2026\/04\/26-04-28-plenaria-foto-cleide-amaral-683x1024.jpg 683w, https:\/\/www.cmc.mg.gov.br\/wordpress\/wp-content\/uploads\/2026\/04\/26-04-28-plenaria-foto-cleide-amaral-768x1152.jpg 768w, https:\/\/www.cmc.mg.gov.br\/wordpress\/wp-content\/uploads\/2026\/04\/26-04-28-plenaria-foto-cleide-amaral-1024x1536.jpg 1024w, https:\/\/www.cmc.mg.gov.br\/wordpress\/wp-content\/uploads\/2026\/04\/26-04-28-plenaria-foto-cleide-amaral.jpg 1365w\" sizes=\"auto, (max-width: 200px) 100vw, 200px\" \/><\/a><figcaption id=\"caption-attachment-28814\" class=\"wp-caption-text\">Adriana \u00e9 autora do PL<\/figcaption><\/figure>\n<p style=\"text-align: justify;\">\u00c9 nesse contexto que a C\u00e2mara Municipal de Contagem aprovou, na \u00faltima ter\u00e7a-feira (28\/04), o <a href=\"http:\/\/legislativo.cmc.mg.gov.br:8080\/sapl\/consultas\/materia\/materia_mostrar_proc?cod_materia=55938\" target=\"_blank\" rel=\"noopener\">Substitutivo 17 ao Projeto de Lei 166\/2025<\/a>. Proposta pela vereadora Adriana Souza (PT), a mat\u00e9ria institui a Pol\u00edtica Municipal de Educa\u00e7\u00e3o Midi\u00e1tica e Tecnologias Digitais, com o objetivo de promover o letramento midi\u00e1tico e digital da popula\u00e7\u00e3o, incentivando a identifica\u00e7\u00e3o e o combate \u00e0 desinforma\u00e7\u00e3o, al\u00e9m de estimular o uso respons\u00e1vel das plataformas digitais.<\/p>\n<p style=\"text-align: justify;\">A pol\u00edtica proposta prev\u00ea a\u00e7\u00f5es pedag\u00f3gicas voltadas \u00e0 compreens\u00e3o do funcionamento dos meios de comunica\u00e7\u00e3o, \u00e0 identifica\u00e7\u00e3o de caracter\u00edsticas de <em>fake news<\/em> e ao desenvolvimento de habilidades de verifica\u00e7\u00e3o de informa\u00e7\u00f5es. Tamb\u00e9m est\u00e3o entre as diretrizes o est\u00edmulo \u00e0 capacita\u00e7\u00e3o de profissionais de \u00e1reas como educa\u00e7\u00e3o, sa\u00fade e assist\u00eancia social, bem como o incentivo ao pensamento cr\u00edtico e ao debate qualificado sobre temas de interesse p\u00fablico.<\/p>\n<p style=\"text-align: justify;\">Al\u00e9m disso, o projeto recebeu uma emenda de lideran\u00e7a, de iniciativa da vereadora Tia Keyla (PL) e assinada por outros vereadores. Ela amplia o alcance da mat\u00e9ria em rela\u00e7\u00e3o \u00e0s a\u00e7\u00f5es de educa\u00e7\u00e3o e conscientiza\u00e7\u00e3o para o uso \u00e9tico das plataformas digitais e dissemina\u00e7\u00e3o de conte\u00fado educativo, refor\u00e7ando, sobretudo, as quest\u00f5es de prote\u00e7\u00e3o da crian\u00e7a e do adolescente.<\/p>\n<figure id=\"attachment_28820\" aria-describedby=\"caption-attachment-28820\" style=\"width: 200px\" class=\"wp-caption alignleft\"><a href=\"https:\/\/www.cmc.mg.gov.br\/wordpress\/wp-content\/uploads\/2026\/04\/26-04-28-plenaria-foto-cleide-amaral-2.jpg\"><img loading=\"lazy\" decoding=\"async\" class=\"wp-image-28820 size-medium\" src=\"https:\/\/www.cmc.mg.gov.br\/wordpress\/wp-content\/uploads\/2026\/04\/26-04-28-plenaria-foto-cleide-amaral-2-200x300.jpg\" alt=\"\" width=\"200\" height=\"300\" srcset=\"https:\/\/www.cmc.mg.gov.br\/wordpress\/wp-content\/uploads\/2026\/04\/26-04-28-plenaria-foto-cleide-amaral-2-200x300.jpg 200w, https:\/\/www.cmc.mg.gov.br\/wordpress\/wp-content\/uploads\/2026\/04\/26-04-28-plenaria-foto-cleide-amaral-2-683x1024.jpg 683w, https:\/\/www.cmc.mg.gov.br\/wordpress\/wp-content\/uploads\/2026\/04\/26-04-28-plenaria-foto-cleide-amaral-2-768x1152.jpg 768w, https:\/\/www.cmc.mg.gov.br\/wordpress\/wp-content\/uploads\/2026\/04\/26-04-28-plenaria-foto-cleide-amaral-2-1024x1536.jpg 1024w, https:\/\/www.cmc.mg.gov.br\/wordpress\/wp-content\/uploads\/2026\/04\/26-04-28-plenaria-foto-cleide-amaral-2.jpg 1365w\" sizes=\"auto, (max-width: 200px) 100vw, 200px\" \/><\/a><figcaption id=\"caption-attachment-28820\" class=\"wp-caption-text\">A emenda \u00e9 de Tia Keyla<\/figcaption><\/figure>\n<p style=\"text-align: justify;\">Durante a discuss\u00e3o em segundo turno, a autora do projeto destacou a relev\u00e2ncia da iniciativa, agradeceu a contribui\u00e7\u00e3o representada pela emenda e rebateu as cr\u00edticas feitas pelo vereador Pedro Luiz (PL) na semana anterior.<\/p>\n<p style=\"text-align: justify;\">\u201cAgrade\u00e7o \u00e0 vereadora Tia Keyla pela emenda apresentada, que deixou o projeto ainda mais completo para que a gente possa garantir que a educa\u00e7\u00e3o p\u00fablica de Contagem esteja preparada para oferecer, para nossos jovens, o letramento digital e a educa\u00e7\u00e3o midi\u00e1tica na escola. O objetivo \u00e9 combater essa epidemia que acomete as crian\u00e7as e adolescentes &#8211; de depress\u00e3o, ansiedade e desinforma\u00e7\u00e3o &#8211; que prejudicam a forma\u00e7\u00e3o dos nossos jovens. Esse projeto complementa outras iniciativas da Casa nesse sentido, como a campanha de conscientiza\u00e7\u00e3o sobre o uso abusivo das telas\u201d, explicou Adriana Souza.<\/p>\n<p style=\"text-align: justify;\">Antes de chegar \u00e0 vota\u00e7\u00e3o em plen\u00e1rio, o Projeto de Lei 166\/2025 j\u00e1 havia passado por duas modifica\u00e7\u00f5es consider\u00e1veis, por quest\u00f5es de legalidade e constitucionalidade, se convertendo no Substitutivo 11 e, posteriormente, no Substitutivo 17. Aprovado nesta semana com voto contr\u00e1rio apenas do vereador Pedro Luiz, ele segue agora para san\u00e7\u00e3o do Poder Executivo e passa a valer a partir de sua publica\u00e7\u00e3o no Di\u00e1rio Oficial de Contagem. Caso haja veto, a mat\u00e9ria retorna para nova rodada de vota\u00e7\u00e3o na C\u00e2mara.<\/p>\n","protected":false},"excerpt":{"rendered":"<p>Em um cen\u00e1rio marcado pela expans\u00e3o do uso da internet &#8211; que j\u00e1 alcan\u00e7a mais de 80% dos brasileiros, segundo o Comit\u00ea Gestor da Internet no Brasil &#8211; e pela crescente circula\u00e7\u00e3o de conte\u00fados enganosos nas redes sociais, a educa\u00e7\u00e3o midi\u00e1tica tem se consolidado como ferramenta essencial para o desenvolvimento do pensamento cr\u00edtico e do &hellip; <a href=\"https:\/\/www.cmc.mg.gov.br\/?p=28811\" class=\"more-link\">Continue lendo <span class=\"screen-reader-text\">Contra a desinforma\u00e7\u00e3o: Contagem cria pol\u00edtica de educa\u00e7\u00e3o midi\u00e1tica<\/span> <span class=\"meta-nav\">&rarr;<\/span><\/a><\/p>\n","protected":false},"author":3,"featured_media":28812,"comment_status":"open","ping_status":"open","sticky":false,"template":"","format":"standard","meta":{"_exactmetrics_skip_tracking":false,"_exactmetrics_sitenote_active":false,"_exactmetrics_sitenote_note":"","_exactmetrics_sitenote_category":0,"footnotes":""},"categories":[27],"tags":[],"class_list":["post-28811","post","type-post","status-publish","format-standard","has-post-thumbnail","hentry","category-noticias"],"_links":{"self":[{"href":"https:\/\/www.cmc.mg.gov.br\/index.php?rest_route=\/wp\/v2\/posts\/28811","targetHints":{"allow":["GET"]}}],"collection":[{"href":"https:\/\/www.cmc.mg.gov.br\/index.php?rest_route=\/wp\/v2\/posts"}],"about":[{"href":"https:\/\/www.cmc.mg.gov.br\/index.php?rest_route=\/wp\/v2\/types\/post"}],"author":[{"embeddable":true,"href":"https:\/\/www.cmc.mg.gov.br\/index.php?rest_route=\/wp\/v2\/users\/3"}],"replies":[{"embeddable":true,"href":"https:\/\/www.cmc.mg.gov.br\/index.php?rest_route=%2Fwp%2Fv2%2Fcomments&post=28811"}],"version-history":[{"count":8,"href":"https:\/\/www.cmc.mg.gov.br\/index.php?rest_route=\/wp\/v2\/posts\/28811\/revisions"}],"predecessor-version":[{"id":28822,"href":"https:\/\/www.cmc.mg.gov.br\/index.php?rest_route=\/wp\/v2\/posts\/28811\/revisions\/28822"}],"wp:featuredmedia":[{"embeddable":true,"href":"https:\/\/www.cmc.mg.gov.br\/index.php?rest_route=\/wp\/v2\/media\/28812"}],"wp:attachment":[{"href":"https:\/\/www.cmc.mg.gov.br\/index.php?rest_route=%2Fwp%2Fv2%2Fmedia&parent=28811"}],"wp:term":[{"taxonomy":"category","embeddable":true,"href":"https:\/\/www.cmc.mg.gov.br\/index.php?rest_route=%2Fwp%2Fv2%2Fcategories&post=28811"},{"taxonomy":"post_tag","embeddable":true,"href":"https:\/\/www.cmc.mg.gov.br\/index.php?rest_route=%2Fwp%2Fv2%2Ftags&post=28811"}],"curies":[{"name":"wp","href":"https:\/\/api.w.org\/{rel}","templated":true}]}}