
{"id":28823,"date":"2026-04-30T13:08:50","date_gmt":"2026-04-30T16:08:50","guid":{"rendered":"https:\/\/www.cmc.mg.gov.br\/?p=28823"},"modified":"2026-04-30T13:47:11","modified_gmt":"2026-04-30T16:47:11","slug":"vereadores-participam-de-cafe-com-trabalhadores-da-limpeza-urbana-de-contagem","status":"publish","type":"post","link":"https:\/\/www.cmc.mg.gov.br\/?p=28823","title":{"rendered":"Vereadores participam de caf\u00e9 com trabalhadores da limpeza urbana de Contagem"},"content":{"rendered":"<figure id=\"attachment_28825\" aria-describedby=\"caption-attachment-28825\" style=\"width: 300px\" class=\"wp-caption alignleft\"><a href=\"https:\/\/www.cmc.mg.gov.br\/wordpress\/wp-content\/uploads\/2026\/04\/WhatsApp-Image-2026-04-30-at-12.58.12.jpeg\"><img loading=\"lazy\" decoding=\"async\" class=\"wp-image-28825 size-medium\" src=\"https:\/\/www.cmc.mg.gov.br\/wordpress\/wp-content\/uploads\/2026\/04\/WhatsApp-Image-2026-04-30-at-12.58.12-300x200.jpeg\" alt=\"\" width=\"300\" height=\"200\" srcset=\"https:\/\/www.cmc.mg.gov.br\/wordpress\/wp-content\/uploads\/2026\/04\/WhatsApp-Image-2026-04-30-at-12.58.12-300x200.jpeg 300w, https:\/\/www.cmc.mg.gov.br\/wordpress\/wp-content\/uploads\/2026\/04\/WhatsApp-Image-2026-04-30-at-12.58.12-1024x682.jpeg 1024w, https:\/\/www.cmc.mg.gov.br\/wordpress\/wp-content\/uploads\/2026\/04\/WhatsApp-Image-2026-04-30-at-12.58.12-768x512.jpeg 768w, https:\/\/www.cmc.mg.gov.br\/wordpress\/wp-content\/uploads\/2026\/04\/WhatsApp-Image-2026-04-30-at-12.58.12-1536x1023.jpeg 1536w, https:\/\/www.cmc.mg.gov.br\/wordpress\/wp-content\/uploads\/2026\/04\/WhatsApp-Image-2026-04-30-at-12.58.12.jpeg 1600w\" sizes=\"auto, (max-width: 300px) 100vw, 300px\" \/><\/a><figcaption id=\"caption-attachment-28825\" class=\"wp-caption-text\"><em>Vereadores participam de Caf\u00e9 com Trabalhadores. Foto: Cleide Amaral.<\/em><\/figcaption><\/figure>\n<p style=\"text-align: justify;\">Em comemora\u00e7\u00e3o ao Dia do Trabalhador (01\/05), diversas autoridades municipais estiveram presentes na manh\u00e3 desta quinta-feira, 30\/04, no Caf\u00e9 com os Trabalhadores de limpeza urbana de Contagem promovido pela Prefeitura. Representando o Legislativo contagense, compareceram: o presidente da C\u00e2mara Bruno Barreiro (PV) e os vereadores Edgar Guedes (Republicanos), Arnaldo de Oliveira (SD), Daniel Carvalho (PSD), Carol do Teteco (MDB), Vin\u00edcius Faria (PP), Pastor Itamar (PRD), Fatinha Manancial (Uni\u00e3o), Rodrigo do Posto (Mobiliza), Silvinha Dudu (PV), J\u00fanior Zica (Uni\u00e3o), Gl\u00f3ria da Aposentadoria (PSDB), Daniel do Irineu (PSB), Geg\u00ea Marreco (Rede), Adriana Souza (PT), Alex Chiodi (Uni\u00e3o), Moara Saboia (PT) e Z\u00e9 Carlos (Avante). Eles foram recebidos pelo prefeito Ricardo Faria (PSD) e pela secret\u00e1ria de Servi\u00e7os Urbanos Renata Gomes.<\/p>\n<p style=\"text-align: justify;\">Em seu discurso, Ricardo parabenizou a zeladoria da cidade e anunciou diversos investimentos, que incluem: amplia\u00e7\u00e3o do quadro de funcion\u00e1rios da pasta, aquisi\u00e7\u00e3o de ro\u00e7adeiras mecanizadas e instala\u00e7\u00e3o de 29 ecopontos na cidade, que servir\u00e3o para descanso, higiene e alimenta\u00e7\u00e3o dos trabalhadores. O prefeito ainda destacou a import\u00e2ncia dos parlamentares que, por estarem mais pr\u00f3ximos \u00e0 popula\u00e7\u00e3o, indicam a necessidade de interven\u00e7\u00f5es do Poder Executivo no munic\u00edpio. \u201cA gente recebe [dos vereadores] v\u00e1rios requerimentos e indica\u00e7\u00f5es de tapa-buraco, de capina e limpeza. Voc\u00eas expressando ali, naquelas proposi\u00e7\u00f5es, a vontade da popula\u00e7\u00e3o\u201d, disse.<\/p>\n<figure id=\"attachment_28828\" aria-describedby=\"caption-attachment-28828\" style=\"width: 282px\" class=\"wp-caption alignleft\"><a href=\"https:\/\/www.cmc.mg.gov.br\/wordpress\/wp-content\/uploads\/2026\/04\/WhatsApp-Image-2026-04-30-at-13.15.33.jpeg\"><img loading=\"lazy\" decoding=\"async\" class=\"wp-image-28828\" src=\"https:\/\/www.cmc.mg.gov.br\/wordpress\/wp-content\/uploads\/2026\/04\/WhatsApp-Image-2026-04-30-at-13.15.33-300x200.jpeg\" alt=\"\" width=\"282\" height=\"188\" srcset=\"https:\/\/www.cmc.mg.gov.br\/wordpress\/wp-content\/uploads\/2026\/04\/WhatsApp-Image-2026-04-30-at-13.15.33-300x200.jpeg 300w, https:\/\/www.cmc.mg.gov.br\/wordpress\/wp-content\/uploads\/2026\/04\/WhatsApp-Image-2026-04-30-at-13.15.33-1024x682.jpeg 1024w, https:\/\/www.cmc.mg.gov.br\/wordpress\/wp-content\/uploads\/2026\/04\/WhatsApp-Image-2026-04-30-at-13.15.33-768x512.jpeg 768w, https:\/\/www.cmc.mg.gov.br\/wordpress\/wp-content\/uploads\/2026\/04\/WhatsApp-Image-2026-04-30-at-13.15.33-1536x1023.jpeg 1536w, https:\/\/www.cmc.mg.gov.br\/wordpress\/wp-content\/uploads\/2026\/04\/WhatsApp-Image-2026-04-30-at-13.15.33.jpeg 1600w\" sizes=\"auto, (max-width: 282px) 100vw, 282px\" \/><\/a><figcaption id=\"caption-attachment-28828\" class=\"wp-caption-text\">Vin\u00edcius Faria, Bruno Barreiro, Pastor Itamar, Rodrigo do Posto, Carol do Teteco e Daniel Carvalho. Foto: Cleide Amaral.<\/figcaption><\/figure>\n<p style=\"text-align: justify;\">Bruno Barreiro falou em nome da C\u00e2mara. Ele agradeceu os trabalhadores de limpeza urbana pelos servi\u00e7os prestados \u00e0 popula\u00e7\u00e3o e enfatizou a import\u00e2ncia de o Poder P\u00fablico investir nessa \u00e1rea. \u201cA gente sabe o tanto que esses trabalhadores trabalham para manter a cidade limpa, seja de debaixo de sol ou debaixo de chuva. A expectativa \u00e9 de que, duplicando essa quantidade de servidores, a gente consiga entregar servi\u00e7os melhores. Contem com o apoio do Parlamento\u201d, ressaltou.<\/p>\n<figure id=\"attachment_28826\" aria-describedby=\"caption-attachment-28826\" style=\"width: 300px\" class=\"wp-caption alignright\"><a href=\"https:\/\/www.cmc.mg.gov.br\/wordpress\/wp-content\/uploads\/2026\/04\/WhatsApp-Image-2026-04-30-at-12.58.02.jpeg\"><img loading=\"lazy\" decoding=\"async\" class=\"wp-image-28826 size-medium\" src=\"https:\/\/www.cmc.mg.gov.br\/wordpress\/wp-content\/uploads\/2026\/04\/WhatsApp-Image-2026-04-30-at-12.58.02-300x200.jpeg\" alt=\"\" width=\"300\" height=\"200\" srcset=\"https:\/\/www.cmc.mg.gov.br\/wordpress\/wp-content\/uploads\/2026\/04\/WhatsApp-Image-2026-04-30-at-12.58.02-300x200.jpeg 300w, https:\/\/www.cmc.mg.gov.br\/wordpress\/wp-content\/uploads\/2026\/04\/WhatsApp-Image-2026-04-30-at-12.58.02-1024x682.jpeg 1024w, https:\/\/www.cmc.mg.gov.br\/wordpress\/wp-content\/uploads\/2026\/04\/WhatsApp-Image-2026-04-30-at-12.58.02-768x512.jpeg 768w, https:\/\/www.cmc.mg.gov.br\/wordpress\/wp-content\/uploads\/2026\/04\/WhatsApp-Image-2026-04-30-at-12.58.02-1536x1023.jpeg 1536w, https:\/\/www.cmc.mg.gov.br\/wordpress\/wp-content\/uploads\/2026\/04\/WhatsApp-Image-2026-04-30-at-12.58.02.jpeg 1600w\" sizes=\"auto, (max-width: 300px) 100vw, 300px\" \/><\/a><figcaption id=\"caption-attachment-28826\" class=\"wp-caption-text\"><em>Trabalhadores da limpeza urbana de Contagem. Foto: Cleide Amaral.<\/em><\/figcaption><\/figure>\n<p style=\"text-align: justify;\">Ap\u00f3s as falas de autoridades e de uma representante dos servidores, foi servido um caf\u00e9 e distribu\u00eddos kits com lanches.<\/p>\n","protected":false},"excerpt":{"rendered":"<p>Em comemora\u00e7\u00e3o ao Dia do Trabalhador (01\/05), diversas autoridades municipais estiveram presentes na manh\u00e3 desta quinta-feira, 30\/04, no Caf\u00e9 com os Trabalhadores de limpeza urbana de Contagem promovido pela Prefeitura. Representando o Legislativo contagense, compareceram: o presidente da C\u00e2mara Bruno Barreiro (PV) e os vereadores Edgar Guedes (Republicanos), Arnaldo de Oliveira (SD), Daniel Carvalho (PSD), &hellip; <a href=\"https:\/\/www.cmc.mg.gov.br\/?p=28823\" class=\"more-link\">Continue lendo <span class=\"screen-reader-text\">Vereadores participam de caf\u00e9 com trabalhadores da limpeza urbana de Contagem<\/span> <span class=\"meta-nav\">&rarr;<\/span><\/a><\/p>\n","protected":false},"author":16,"featured_media":28824,"comment_status":"open","ping_status":"open","sticky":false,"template":"","format":"standard","meta":{"_exactmetrics_skip_tracking":false,"_exactmetrics_sitenote_active":false,"_exactmetrics_sitenote_note":"","_exactmetrics_sitenote_category":0,"footnotes":""},"categories":[27],"tags":[],"class_list":["post-28823","post","type-post","status-publish","format-standard","has-post-thumbnail","hentry","category-noticias"],"_links":{"self":[{"href":"https:\/\/www.cmc.mg.gov.br\/index.php?rest_route=\/wp\/v2\/posts\/28823","targetHints":{"allow":["GET"]}}],"collection":[{"href":"https:\/\/www.cmc.mg.gov.br\/index.php?rest_route=\/wp\/v2\/posts"}],"about":[{"href":"https:\/\/www.cmc.mg.gov.br\/index.php?rest_route=\/wp\/v2\/types\/post"}],"author":[{"embeddable":true,"href":"https:\/\/www.cmc.mg.gov.br\/index.php?rest_route=\/wp\/v2\/users\/16"}],"replies":[{"embeddable":true,"href":"https:\/\/www.cmc.mg.gov.br\/index.php?rest_route=%2Fwp%2Fv2%2Fcomments&post=28823"}],"version-history":[{"count":9,"href":"https:\/\/www.cmc.mg.gov.br\/index.php?rest_route=\/wp\/v2\/posts\/28823\/revisions"}],"predecessor-version":[{"id":28836,"href":"https:\/\/www.cmc.mg.gov.br\/index.php?rest_route=\/wp\/v2\/posts\/28823\/revisions\/28836"}],"wp:featuredmedia":[{"embeddable":true,"href":"https:\/\/www.cmc.mg.gov.br\/index.php?rest_route=\/wp\/v2\/media\/28824"}],"wp:attachment":[{"href":"https:\/\/www.cmc.mg.gov.br\/index.php?rest_route=%2Fwp%2Fv2%2Fmedia&parent=28823"}],"wp:term":[{"taxonomy":"category","embeddable":true,"href":"https:\/\/www.cmc.mg.gov.br\/index.php?rest_route=%2Fwp%2Fv2%2Fcategories&post=28823"},{"taxonomy":"post_tag","embeddable":true,"href":"https:\/\/www.cmc.mg.gov.br\/index.php?rest_route=%2Fwp%2Fv2%2Ftags&post=28823"}],"curies":[{"name":"wp","href":"https:\/\/api.w.org\/{rel}","templated":true}]}}