
{"id":29648,"date":"2026-09-04T18:35:05","date_gmt":"2026-09-04T21:35:05","guid":{"rendered":"https:\/\/www.cmc.mg.gov.br\/?p=29648"},"modified":"2026-09-04T18:35:14","modified_gmt":"2026-09-04T21:35:14","slug":"28a-reuniao-ordinaria-3","status":"publish","type":"post","link":"https:\/\/www.cmc.mg.gov.br\/?p=29648","title":{"rendered":"28\u00aa Reuni\u00e3o Ordin\u00e1ria"},"content":{"rendered":"<p>28\u00aa Reuni\u00e3o Ordin\u00e1ria da 2\u00aa Sess\u00e3o Legislativa da 20\u00aa Legislatura, prevista para o dia 8\u00ba de setembro de 2026, ter\u00e7a-feira, no Plen\u00e1rio Vereador Jos\u00e9 Cust\u00f3dio, com in\u00edcio \u00e0s 9 horas.<\/p>\n<p>ITEM 1: Discuss\u00e3o e vota\u00e7\u00e3o, dos Pareceres das Comiss\u00f5es Permanentes ao <a href=\"http:\/\/legislativo.cmc.mg.gov.br:8080\/sapl\/consultas\/materia\/materia_mostrar_proc?cod_materia=60715\">Projeto de Lei n.\u00ba 016\/2026<\/a>, que \u201cDesafeta e autoriza permuta de bem p\u00fablico e d\u00e1 outras provid\u00eancias.\u201d. Projeto de Lei de Autoria do Poder Executivo.<\/p>\n<p>EMENDAS: N\u00e3o.<br \/>\nQU\u00d3RUM: Maioria Simples.<br \/>\nVOTA\u00c7\u00c3O: Eletr\u00f4nica.<\/p>\n<p>ITEM 1.1: Discuss\u00e3o e vota\u00e7\u00e3o, em Primeiro Turno do <a href=\"http:\/\/legislativo.cmc.mg.gov.br:8080\/sapl\/consultas\/materia\/materia_mostrar_proc?cod_materia=60715\">Projeto de Lei n.\u00ba 016\/2026<\/a>, que \u201cDesafeta e autoriza permuta de bem p\u00fablico e d\u00e1 outras provid\u00eancias.\u201d. Projeto de Lei de Autoria do Poder Executivo.<\/p>\n<p>EMENDAS: N\u00e3o.<br \/>\nQU\u00d3RUM: Maioria Simples.<br \/>\nVOTA\u00c7\u00c3O: Eletr\u00f4nica.<\/p>\n<p>ITEM 2: Discuss\u00e3o e vota\u00e7\u00e3o, dos Pareceres das Comiss\u00f5es Permanentes ao <a href=\"http:\/\/legislativo.cmc.mg.gov.br:8080\/sapl\/consultas\/materia\/materia_mostrar_proc?cod_materia=58957\">Projeto de Lei n.\u00ba 075\/2026<\/a>, que \u201cInstitui diretrizes para a Pol\u00edtica Municipal de Reindustrializa\u00e7\u00e3o Verde e d\u00e1 outras provid\u00eancias.\u201d. Projeto de Lei de Autoria da Vereadora Adriana Souza.<\/p>\n<p>EMENDAS: Sim.<br \/>\nQU\u00d3RUM: Maioria Simples.<br \/>\nVOTA\u00c7\u00c3O: Eletr\u00f4nica.<\/p>\n<p>ITEM 2.1: Discuss\u00e3o e vota\u00e7\u00e3o, em Primeiro Turno do <a href=\"http:\/\/legislativo.cmc.mg.gov.br:8080\/sapl\/consultas\/materia\/materia_mostrar_proc?cod_materia=58957\">Projeto de Lei n.\u00ba 075\/2026<\/a>, que \u201cInstitui diretrizes para a Pol\u00edtica Municipal de Reindustrializa\u00e7\u00e3o Verde e d\u00e1 outras provid\u00eancias.\u201d. Projeto de Lei de Autoria da Vereadora Adriana Souza.<\/p>\n<p>EMENDAS: Sim.<br \/>\nQU\u00d3RUM: Maioria Simples.<br \/>\nVOTA\u00c7\u00c3O: Eletr\u00f4nica.<\/p>\n<p>ITEM 3: Discuss\u00e3o e vota\u00e7\u00e3o, dos Pareceres das Comiss\u00f5es Permanentes ao<a href=\"http:\/\/legislativo.cmc.mg.gov.br:8080\/sapl\/consultas\/materia\/materia_mostrar_proc?cod_materia=53645\"> Substitutivo n.\u00ba 015 do Projeto de Lei n.\u00ba 264\/2025<\/a>, que \u201cInstitui diretrizes para a promo\u00e7\u00e3o da sa\u00fade mental no ambiente escolar no \u00e2mbito do munic\u00edpio de Contagem, e d\u00e1 outras provid\u00eancias.\u201d. Projeto de Lei de Autoria da Vereadora Tia Keyla.<\/p>\n<p>EMENDAS: N\u00e3o.<br \/>\nQU\u00d3RUM: Maioria Simples.<br \/>\nVOTA\u00c7\u00c3O: Eletr\u00f4nica.<\/p>\n<p>ITEM 3.1: Discuss\u00e3o e vota\u00e7\u00e3o, em Primeiro Turno ao <a href=\"http:\/\/legislativo.cmc.mg.gov.br:8080\/sapl\/consultas\/materia\/materia_mostrar_proc?cod_materia=53645\">Substitutivo n.\u00ba 015 do Projeto de Lei n.\u00ba 264\/2025<\/a>, que \u201cInstitui diretrizes para a promo\u00e7\u00e3o da sa\u00fade mental no ambiente escolar no \u00e2mbito do munic\u00edpio de Contagem, e d\u00e1 outras provid\u00eancias.\u201d. Projeto de Lei de Autoria da Vereadora Tia Keyla.<\/p>\n<p>EMENDAS: N\u00e3o.<br \/>\nQU\u00d3RUM: Maioria Simples.<br \/>\nVOTA\u00c7\u00c3O: Eletr\u00f4nica.<\/p>\n<p>ITEM 4: Discuss\u00e3o e vota\u00e7\u00e3o, dos Pareceres das Comiss\u00f5es Permanentes ao <a href=\"http:\/\/legislativo.cmc.mg.gov.br:8080\/sapl\/consultas\/materia\/materia_mostrar_proc?cod_materia=52908\">Projeto de Lei n.\u00ba 356\/2025<\/a>, que \u201cInstitui, no \u00e2mbito do munic\u00edpio de Contagem, o Programa \u201cRua Lazer Para Todos\u201d e d\u00e1 outras provid\u00eancias.\u201d. Projeto de Lei de Autoria do Vereador Didi.<\/p>\n<p>EMENDAS: Sim.<br \/>\nQU\u00d3RUM: Maioria Simples.<br \/>\nVOTA\u00c7\u00c3O: Eletr\u00f4nica.<\/p>\n<p>ITEM 4.1: Discuss\u00e3o e vota\u00e7\u00e3o, em Primeiro Turno ao <a href=\"http:\/\/legislativo.cmc.mg.gov.br:8080\/sapl\/consultas\/materia\/materia_mostrar_proc?cod_materia=52908\">Projeto de Lei n.\u00ba 356\/2025<\/a>, que \u201cInstitui, no \u00e2mbito do munic\u00edpio de Contagem, o Programa \u201cRua Lazer Para Todos\u201d e d\u00e1 outras provid\u00eancias.\u201d. Projeto de Lei de Autoria do Vereador Didi.<\/p>\n<p>EMENDAS: Sim.<br \/>\nQU\u00d3RUM: Maioria Simples.<br \/>\nVOTA\u00c7\u00c3O: Eletr\u00f4nica.<\/p>\n<p>ITEM 5: Discuss\u00e3o e vota\u00e7\u00e3o, em Segundo Turno e Reda\u00e7\u00e3o Final do <a href=\"http:\/\/legislativo.cmc.mg.gov.br:8080\/sapl\/consultas\/materia\/materia_mostrar_proc?cod_materia=59496\">Projeto de Lei n.\u00ba 007\/2026<\/a>, que \u201cAltera a Lei n.\u00ba 5443, de 29 de dezembro de 2023, que \u201cinstitui a Pol\u00edtica Municipal de Participa\u00e7\u00e3o Popular e Cidad\u00e3 \u2013 PMPPC e o Sistema Municipal de Participa\u00e7\u00e3o Popular e Cidad\u00e3 de Contagem &#8211; SMPPC.\u201d. Projeto de Lei de Autoria do Poder Executivo.<\/p>\n<p>EMENDAS: N\u00e3o.<br \/>\nQU\u00d3RUM: Maioria Simples.<br \/>\nVOTA\u00c7\u00c3O: Eletr\u00f4nica.<\/p>\n<p>ITEM 6: Discuss\u00e3o e vota\u00e7\u00e3o, em Segundo Turno e Reda\u00e7\u00e3o Final do <a href=\"http:\/\/legislativo.cmc.mg.gov.br:8080\/sapl\/consultas\/materia\/materia_mostrar_proc?cod_materia=61007\">Projeto de Lei n.\u00ba 017\/2026<\/a>, que \u201cInstitui jeton aos membros das Juntas Administrativas de Recursos de Infra\u00e7\u00f5es \u2013 JARI e d\u00e1 outras provid\u00eancias.\u201d Projeto de Lei de Autoria do Poder Executivo.<\/p>\n<p>EMENDAS: N\u00e3o.<br \/>\nQU\u00d3RUM: Maioria Simples.<br \/>\nVOTA\u00c7\u00c3O: Eletr\u00f4nica.<\/p>\n<p>ITEM 7: Discuss\u00e3o e vota\u00e7\u00e3o, em Segundo Turno e Reda\u00e7\u00e3o Final do <a href=\"http:\/\/legislativo.cmc.mg.gov.br:8080\/sapl\/consultas\/materia\/materia_mostrar_proc?cod_materia=58958\">Projeto de Lei n.\u00ba 076\/2026<\/a>, que \u201cInstitui no Calend\u00e1rio Oficial de Eventos do Munic\u00edpio de Contagem, a \u201cMarcha para Jesus Kids\u201d, a ser realizada na mesma data da \u201cMarcha para Jesus\u201d, e d\u00e1 outras provid\u00eancias.\u201d Projeto de Lei de Autoria da Vereadora Tia Keyla e Vereador Vin\u00edcius Faria.<\/p>\n<p>EMENDAS: N\u00e3o.<br \/>\nQU\u00d3RUM: Maioria Simples.<br \/>\nVOTA\u00c7\u00c3O: Eletr\u00f4nica.<\/p>\n<p>ITEM 8: Discuss\u00e3o e vota\u00e7\u00e3o, em Segundo Turno e Reda\u00e7\u00e3o Final do<a href=\"http:\/\/legislativo.cmc.mg.gov.br:8080\/sapl\/consultas\/materia\/materia_mostrar_proc?cod_materia=61008\"> Projeto de Lei n.\u00ba 142\/2026<\/a>, que \u201cAltera o artigo 3\u00ba da Lei 4.328, de 29 de mar\u00e7o de 2010.\u201d Projeto de Lei de Autoria do Vereador Alex Chiodi e Vereador Bruno Barreiro.<\/p>\n<p>EMENDAS: N\u00e3o.<br \/>\nQU\u00d3RUM: Maioria Simples.<br \/>\nVOTA\u00c7\u00c3O: Eletr\u00f4nica.<\/p>\n<p style=\"text-align: center;\"><strong>APRECIA\u00c7\u00c3O CONCLUSIVA<\/strong><\/p>\n<p>ITEM 01: Aprecia\u00e7\u00e3o conclusiva, conforme art. 97 do Regimento Interno, da Proposi\u00e7\u00e3o de Lei n\u00ba 092\/2026, origin\u00e1ria do <a href=\"http:\/\/legislativo.cmc.mg.gov.br:8080\/sapl\/consultas\/materia\/materia_mostrar_proc?cod_materia=60325\">Projeto de Lei n.\u00ba 117\/2026<\/a>, que \u201cDenomina \u201cRua Willian Gon\u00e7alves Limoni\u201d a atual Rua Oitenta e Quatro, situada no Bairro tropical, no Munic\u00edpio de Contagem.\u201d Vereador Daniel do Irineu.<\/p>\n<p>DEVOLU\u00c7\u00c3O DO EXAME AO PLEN\u00c1RIO: Recurso de 1\/3 dos Membros da C\u00e2mara<br \/>\nPRAZO PARA RECURSO: Dois dias \u00fateis, contados da leitura da decis\u00e3o em Plen\u00e1rio.<\/p>\n<p>&nbsp;<\/p>\n<p style=\"text-align: center;\"><strong>TRIBUNA LIVRE<\/strong><\/p>\n<p>Comunico-lhes que est\u00e1 inscrita, para fazer uso da palavra, na Tribuna Livre da 28\u00aa Reuni\u00e3o Ordin\u00e1ria da 2\u00aa Sess\u00e3o Legislativa de 2026, do dia 8de setembro \u2013 ter\u00e7a-feira, com in\u00edcio \u00e0s 9h a Senhora Camila Silva Rela\u00e7\u00f5es P\u00fablicas da Funda\u00e7\u00e3o Sara Albuquerque que discorrer\u00e1 sobre &#8220;O Setembro Dourado, m\u00eas dedicado \u00e0 conscientiza\u00e7\u00e3o sobre o c\u00e2ncer infantojuvenil, e sobre o trabalho desenvolvido pela Funda\u00e7\u00e3o Sara\u201d.<\/p>\n<p>&nbsp;<\/p>\n<p>&nbsp;<\/p>\n<p>&nbsp;<\/p>\n","protected":false},"excerpt":{"rendered":"<p>28\u00aa Reuni\u00e3o Ordin\u00e1ria da 2\u00aa Sess\u00e3o Legislativa da 20\u00aa Legislatura, prevista para o dia 8\u00ba de setembro de 2026, ter\u00e7a-feira, no Plen\u00e1rio Vereador Jos\u00e9 Cust\u00f3dio, com in\u00edcio \u00e0s 9 horas. ITEM 1: Discuss\u00e3o e vota\u00e7\u00e3o, dos Pareceres das Comiss\u00f5es Permanentes ao Projeto de Lei n.\u00ba 016\/2026, que \u201cDesafeta e autoriza permuta de bem p\u00fablico e &hellip; <a href=\"https:\/\/www.cmc.mg.gov.br\/?p=29648\" class=\"more-link\">Continue lendo <span class=\"screen-reader-text\">28\u00aa Reuni\u00e3o Ordin\u00e1ria<\/span> <span class=\"meta-nav\">&rarr;<\/span><\/a><\/p>\n","protected":false},"author":16,"featured_media":0,"comment_status":"open","ping_status":"open","sticky":false,"template":"","format":"standard","meta":{"_acf_changed":false,"footnotes":""},"categories":[19],"tags":[],"class_list":["post-29648","post","type-post","status-publish","format-standard","hentry","category-ordem-do-dia"],"acf":[],"_links":{"self":[{"href":"https:\/\/www.cmc.mg.gov.br\/index.php?rest_route=\/wp\/v2\/posts\/29648","targetHints":{"allow":["GET"]}}],"collection":[{"href":"https:\/\/www.cmc.mg.gov.br\/index.php?rest_route=\/wp\/v2\/posts"}],"about":[{"href":"https:\/\/www.cmc.mg.gov.br\/index.php?rest_route=\/wp\/v2\/types\/post"}],"author":[{"embeddable":true,"href":"https:\/\/www.cmc.mg.gov.br\/index.php?rest_route=\/wp\/v2\/users\/16"}],"replies":[{"embeddable":true,"href":"https:\/\/www.cmc.mg.gov.br\/index.php?rest_route=%2Fwp%2Fv2%2Fcomments&post=29648"}],"version-history":[{"count":1,"href":"https:\/\/www.cmc.mg.gov.br\/index.php?rest_route=\/wp\/v2\/posts\/29648\/revisions"}],"predecessor-version":[{"id":29649,"href":"https:\/\/www.cmc.mg.gov.br\/index.php?rest_route=\/wp\/v2\/posts\/29648\/revisions\/29649"}],"wp:attachment":[{"href":"https:\/\/www.cmc.mg.gov.br\/index.php?rest_route=%2Fwp%2Fv2%2Fmedia&parent=29648"}],"wp:term":[{"taxonomy":"category","embeddable":true,"href":"https:\/\/www.cmc.mg.gov.br\/index.php?rest_route=%2Fwp%2Fv2%2Fcategories&post=29648"},{"taxonomy":"post_tag","embeddable":true,"href":"https:\/\/www.cmc.mg.gov.br\/index.php?rest_route=%2Fwp%2Fv2%2Ftags&post=29648"}],"curies":[{"name":"wp","href":"https:\/\/api.w.org\/{rel}","templated":true}]}}