
{"id":4248,"date":"2015-07-20T15:46:18","date_gmt":"2015-07-20T18:46:18","guid":{"rendered":"http:\/\/www.cmc.mg.gov.br\/?p=4248"},"modified":"2015-07-20T15:48:09","modified_gmt":"2015-07-20T18:48:09","slug":"aviso-de-licitacao","status":"publish","type":"post","link":"https:\/\/www.cmc.mg.gov.br\/?p=4248","title":{"rendered":"AVISO DE LICITA\u00c7\u00c3O &#8211; FORNECIMENTO DE PRODUTOS ALIMENT\u00cdCIOS"},"content":{"rendered":"<p style=\"text-align: justify;\">A C\u00e2mara Municipal de Contagem torna p\u00fablico, para conhecimento dos interessados, que far\u00e1 realizar, <strong>a partir das 14h00 do dia 31 de Julho de 2015<\/strong>, em sua sede, na Pra\u00e7a S\u00e3o Gon\u00e7alo, n\u00ba 18, licita\u00e7\u00e3o na modalidade Preg\u00e3o Presencial n\u00ba 006\/2015, tendo por objeto contrata\u00e7\u00e3o de microempresa (ME) ou empresa de pequeno porte (EPP) para o fornecimento de produtos aliment\u00edcios, lanches e coffe break para os servidores e vereadores deste legislativo municipal. O texto integral do edital (contendo todas as informa\u00e7\u00f5es sobre o certame) encontra-se \u00e0 disposi\u00e7\u00e3o dos interessados <a href=\"http:\/\/www.cmc.mg.gov.br\/wordpress\/wp-content\/uploads\/2015\/07\/EDITAL-PREG\u00c3O-PRESENCIAL-006-2015-pdf.pdf\" target=\"_blank\">clicando aqui<\/a> ou pelo e-mail <a href=\"mailto:compras@cmc.mg.gov.br\">compras@cmc.mg.gov.br<\/a>.<\/p>\n<p style=\"text-align: justify;\">Para informa\u00e7\u00f5es e esclarecimentos adicionais, entre em contato com a Comiss\u00e3o Permanente de Licita\u00e7\u00e3o \u2013 telefones: (31) 3359-8744, (31) 3198-5141 e (31) 3198-5142, de segunda a sexta-feira, de 09h \u00e0s 18h.<\/p>\n<p style=\"text-align: justify;\">\u00c9rica Pereira de Souza \u2013 Pregoeira<\/p>\n","protected":false},"excerpt":{"rendered":"<p>A C\u00e2mara Municipal de Contagem torna p\u00fablico, para conhecimento dos interessados, que far\u00e1 realizar, a partir das 14h00 do dia 31 de Julho de 2015, em sua sede, na Pra\u00e7a S\u00e3o Gon\u00e7alo, n\u00ba 18, licita\u00e7\u00e3o na modalidade Preg\u00e3o Presencial n\u00ba 006\/2015, tendo por objeto contrata\u00e7\u00e3o de microempresa (ME) ou empresa de pequeno porte (EPP) para &hellip; <a href=\"https:\/\/www.cmc.mg.gov.br\/?p=4248\" class=\"more-link\">Continue lendo <span class=\"screen-reader-text\">AVISO DE LICITA\u00c7\u00c3O &#8211; FORNECIMENTO DE PRODUTOS ALIMENT\u00cdCIOS<\/span> <span class=\"meta-nav\">&rarr;<\/span><\/a><\/p>\n","protected":false},"author":2,"featured_media":0,"comment_status":"open","ping_status":"open","sticky":false,"template":"","format":"standard","meta":{"_exactmetrics_skip_tracking":false,"_exactmetrics_sitenote_active":false,"_exactmetrics_sitenote_note":"","_exactmetrics_sitenote_category":0,"footnotes":""},"categories":[21],"tags":[],"class_list":["post-4248","post","type-post","status-publish","format-standard","hentry","category-licitacoes"],"_links":{"self":[{"href":"https:\/\/www.cmc.mg.gov.br\/index.php?rest_route=\/wp\/v2\/posts\/4248","targetHints":{"allow":["GET"]}}],"collection":[{"href":"https:\/\/www.cmc.mg.gov.br\/index.php?rest_route=\/wp\/v2\/posts"}],"about":[{"href":"https:\/\/www.cmc.mg.gov.br\/index.php?rest_route=\/wp\/v2\/types\/post"}],"author":[{"embeddable":true,"href":"https:\/\/www.cmc.mg.gov.br\/index.php?rest_route=\/wp\/v2\/users\/2"}],"replies":[{"embeddable":true,"href":"https:\/\/www.cmc.mg.gov.br\/index.php?rest_route=%2Fwp%2Fv2%2Fcomments&post=4248"}],"version-history":[{"count":2,"href":"https:\/\/www.cmc.mg.gov.br\/index.php?rest_route=\/wp\/v2\/posts\/4248\/revisions"}],"predecessor-version":[{"id":4251,"href":"https:\/\/www.cmc.mg.gov.br\/index.php?rest_route=\/wp\/v2\/posts\/4248\/revisions\/4251"}],"wp:attachment":[{"href":"https:\/\/www.cmc.mg.gov.br\/index.php?rest_route=%2Fwp%2Fv2%2Fmedia&parent=4248"}],"wp:term":[{"taxonomy":"category","embeddable":true,"href":"https:\/\/www.cmc.mg.gov.br\/index.php?rest_route=%2Fwp%2Fv2%2Fcategories&post=4248"},{"taxonomy":"post_tag","embeddable":true,"href":"https:\/\/www.cmc.mg.gov.br\/index.php?rest_route=%2Fwp%2Fv2%2Ftags&post=4248"}],"curies":[{"name":"wp","href":"https:\/\/api.w.org\/{rel}","templated":true}]}}