
{"id":4272,"date":"2015-08-03T14:57:32","date_gmt":"2015-08-03T17:57:32","guid":{"rendered":"http:\/\/www.cmc.mg.gov.br\/?p=4272"},"modified":"2015-08-03T15:38:05","modified_gmt":"2015-08-03T18:38:05","slug":"ata-do-pregao-presencial-no-0062015","status":"publish","type":"post","link":"https:\/\/www.cmc.mg.gov.br\/?p=4272","title":{"rendered":"Ata do Preg\u00e3o Presencial n\u00ba 006\/2015 &#8211; Fornecimento de produtos aliment\u00edcios"},"content":{"rendered":"<p style=\"text-align: justify;\">A C\u00e2mara Municipal de Contagem torna p\u00fablico, para conhecimento dos interessados, a ata do\u00a0Preg\u00e3o Presencial n\u00ba 006\/2015, tendo por objeto contrata\u00e7\u00e3o de microempresa (ME) ou empresa de pequeno porte (EPP) para o fornecimento de produtos aliment\u00edcios, lanches e coffe break para os servidores e vereadores deste legislativo municipal. O processo foi realizado\u00a0no dia 31 de Julho de 2015, em sua sede, na Pra\u00e7a S\u00e3o Gon\u00e7alo, n\u00ba 18.<\/p>\n<p style=\"text-align: justify;\"><strong>Para acessar a ata, <a href=\"http:\/\/www.cmc.mg.gov.br\/wordpress\/wp-content\/uploads\/2015\/08\/ATA-PP-06-2015.pdf\" target=\"_blank\">clique aqui<\/a>.<\/strong><\/p>\n<p style=\"text-align: justify;\">Mais\u00a0informa\u00e7\u00f5es e esclarecimentos com a Comiss\u00e3o Permanente de Licita\u00e7\u00e3o \u2013 telefones: (31) 3359-8744, (31) 3198-5141 e (31) 3198-5142, de segunda a sexta-feira, de 09h \u00e0s 18h.<\/p>\n<p style=\"text-align: justify;\">\u00c9rica Pereira de Souza \u2013 Pregoeira<\/p>\n","protected":false},"excerpt":{"rendered":"<p>A C\u00e2mara Municipal de Contagem torna p\u00fablico, para conhecimento dos interessados, a ata do\u00a0Preg\u00e3o Presencial n\u00ba 006\/2015, tendo por objeto contrata\u00e7\u00e3o de microempresa (ME) ou empresa de pequeno porte (EPP) para o fornecimento de produtos aliment\u00edcios, lanches e coffe break para os servidores e vereadores deste legislativo municipal. O processo foi realizado\u00a0no dia 31 de &hellip; <a href=\"https:\/\/www.cmc.mg.gov.br\/?p=4272\" class=\"more-link\">Continue lendo <span class=\"screen-reader-text\">Ata do Preg\u00e3o Presencial n\u00ba 006\/2015 &#8211; Fornecimento de produtos aliment\u00edcios<\/span> <span class=\"meta-nav\">&rarr;<\/span><\/a><\/p>\n","protected":false},"author":3,"featured_media":0,"comment_status":"open","ping_status":"open","sticky":false,"template":"","format":"standard","meta":{"_exactmetrics_skip_tracking":false,"_exactmetrics_sitenote_active":false,"_exactmetrics_sitenote_note":"","_exactmetrics_sitenote_category":0,"footnotes":""},"categories":[21],"tags":[],"class_list":["post-4272","post","type-post","status-publish","format-standard","hentry","category-licitacoes"],"_links":{"self":[{"href":"https:\/\/www.cmc.mg.gov.br\/index.php?rest_route=\/wp\/v2\/posts\/4272","targetHints":{"allow":["GET"]}}],"collection":[{"href":"https:\/\/www.cmc.mg.gov.br\/index.php?rest_route=\/wp\/v2\/posts"}],"about":[{"href":"https:\/\/www.cmc.mg.gov.br\/index.php?rest_route=\/wp\/v2\/types\/post"}],"author":[{"embeddable":true,"href":"https:\/\/www.cmc.mg.gov.br\/index.php?rest_route=\/wp\/v2\/users\/3"}],"replies":[{"embeddable":true,"href":"https:\/\/www.cmc.mg.gov.br\/index.php?rest_route=%2Fwp%2Fv2%2Fcomments&post=4272"}],"version-history":[{"count":3,"href":"https:\/\/www.cmc.mg.gov.br\/index.php?rest_route=\/wp\/v2\/posts\/4272\/revisions"}],"predecessor-version":[{"id":4276,"href":"https:\/\/www.cmc.mg.gov.br\/index.php?rest_route=\/wp\/v2\/posts\/4272\/revisions\/4276"}],"wp:attachment":[{"href":"https:\/\/www.cmc.mg.gov.br\/index.php?rest_route=%2Fwp%2Fv2%2Fmedia&parent=4272"}],"wp:term":[{"taxonomy":"category","embeddable":true,"href":"https:\/\/www.cmc.mg.gov.br\/index.php?rest_route=%2Fwp%2Fv2%2Fcategories&post=4272"},{"taxonomy":"post_tag","embeddable":true,"href":"https:\/\/www.cmc.mg.gov.br\/index.php?rest_route=%2Fwp%2Fv2%2Ftags&post=4272"}],"curies":[{"name":"wp","href":"https:\/\/api.w.org\/{rel}","templated":true}]}}