
{"id":4277,"date":"2015-08-03T15:50:37","date_gmt":"2015-08-03T18:50:37","guid":{"rendered":"http:\/\/www.cmc.mg.gov.br\/?p=4277"},"modified":"2015-08-13T17:46:21","modified_gmt":"2015-08-13T20:46:21","slug":"pregao-presencial-no-072015-manutencao-de-elevadores","status":"publish","type":"post","link":"https:\/\/www.cmc.mg.gov.br\/?p=4277","title":{"rendered":"Preg\u00e3o Presencial n\u00ba 07\/2015 &#8211; Manuten\u00e7\u00e3o de elevadores"},"content":{"rendered":"<p style=\"text-align: justify;\">A C\u00e2mara Municipal de Contagem torna p\u00fablico, para conhecimento dos interessados, que far\u00e1 realizar <strong>Preg\u00e3o Presencial n\u00ba 07\/2015, no dia 17 de Agosto de 2015, a partir das 14h, no Plen\u00e1rio desta casa legislativa<\/strong>, situado na Pra\u00e7a S\u00e3o Gon\u00e7alo, n\u00ba 18, Centro, Contagem\/MG, tendo por objeto: a contrata\u00e7\u00e3o de empresa para manuten\u00e7\u00e3o preventiva, emergencial e corretiva, incluindo a presta\u00e7\u00e3o de servi\u00e7os de reposi\u00e7\u00e3o e\/ou substitui\u00e7\u00e3o de pe\u00e7as, equipamentos e componentes dos elevadores instalados neste legislativo municipal (sem fornecimento de pe\u00e7as).<\/p>\n<p style=\"text-align: justify;\">O texto integral do edital retificado (contendo todas as informa\u00e7\u00f5es sobre o certame) e resposta \u00e0 impugna\u00e7\u00e3o, encontra-se \u00e0 disposi\u00e7\u00e3o dos interessados no seguinte link: <a href=\"http:\/\/www.cmc.mg.gov.br\/wordpress\/wp-content\/uploads\/2015\/08\/EDITAL-RETIFICADO-PREGAO-07-2015-manutencaoo-elevadores-13-08.pdf\" target=\"_blank\">EDITAL RETIFICADO PREG\u00c3O 07-2015<\/a>;\u00a0e pelo e-mail compras@cmc.mg.gov.br.<\/p>\n<p style=\"text-align: justify;\">A resposta \u00e0 <a href=\"http:\/\/www.cmc.mg.gov.br\/?p=4220\" target=\"_blank\">impugna\u00e7\u00e3o<\/a> interposta pela empresa Atlas Shindler S.A pode ser acessada no seguinte link:\u00a0<a href=\"http:\/\/www.cmc.mg.gov.br\/wordpress\/wp-content\/uploads\/2015\/08\/RESPOSTA-A-IMPUGNA\u00c7\u00c3O-ATLAS.pdf\">RESPOSTA A IMPUGNA\u00c7\u00c3O ATLAS<\/a>.<\/p>\n<p style=\"text-align: justify;\">A resposta \u00e0 <a href=\"http:\/\/www.cmc.mg.gov.br\/wordpress\/wp-content\/uploads\/2015\/08\/PEDIDO-DE-IMPUGNACAO-THYSSENKRUPP-13-08-2015.pdf\" target=\"_blank\">impugna\u00e7\u00e3o<\/a> interposta pela empresa Thyssenkrupp Elevadores S. A pode ser acessada no seguinte link:\u00a0<a href=\"http:\/\/www.cmc.mg.gov.br\/wordpress\/wp-content\/uploads\/2015\/08\/RESPOSTA-A-IMPUGNACAO-thyssenkrupp-elevadores.pdf\">RESPOSTA A IMPUGNA\u00c7\u00c3O THYSSENKRUPP<\/a>.<\/p>\n<p style=\"text-align: justify;\">Comiss\u00e3o Permanente de Licita\u00e7\u00e3o, telefone: (31) 3359-8744, (31) 3198-5141 e (31) 3198-5142, no hor\u00e1rio de 09h \u00e0s 18h, de segunda a sexta-feira, onde poder\u00e3o ser obtidos esclarecimentos adicionais.<\/p>\n<p style=\"text-align: justify;\">\u00c9rica Pereira de Souza \u2013 Pregoeira.<\/p>\n","protected":false},"excerpt":{"rendered":"<p>A C\u00e2mara Municipal de Contagem torna p\u00fablico, para conhecimento dos interessados, que far\u00e1 realizar Preg\u00e3o Presencial n\u00ba 07\/2015, no dia 17 de Agosto de 2015, a partir das 14h, no Plen\u00e1rio desta casa legislativa, situado na Pra\u00e7a S\u00e3o Gon\u00e7alo, n\u00ba 18, Centro, Contagem\/MG, tendo por objeto: a contrata\u00e7\u00e3o de empresa para manuten\u00e7\u00e3o preventiva, emergencial e &hellip; <a href=\"https:\/\/www.cmc.mg.gov.br\/?p=4277\" class=\"more-link\">Continue lendo <span class=\"screen-reader-text\">Preg\u00e3o Presencial n\u00ba 07\/2015 &#8211; Manuten\u00e7\u00e3o de elevadores<\/span> <span class=\"meta-nav\">&rarr;<\/span><\/a><\/p>\n","protected":false},"author":3,"featured_media":0,"comment_status":"open","ping_status":"open","sticky":false,"template":"","format":"standard","meta":{"_exactmetrics_skip_tracking":false,"_exactmetrics_sitenote_active":false,"_exactmetrics_sitenote_note":"","_exactmetrics_sitenote_category":0,"footnotes":""},"categories":[21],"tags":[],"class_list":["post-4277","post","type-post","status-publish","format-standard","hentry","category-licitacoes"],"_links":{"self":[{"href":"https:\/\/www.cmc.mg.gov.br\/index.php?rest_route=\/wp\/v2\/posts\/4277","targetHints":{"allow":["GET"]}}],"collection":[{"href":"https:\/\/www.cmc.mg.gov.br\/index.php?rest_route=\/wp\/v2\/posts"}],"about":[{"href":"https:\/\/www.cmc.mg.gov.br\/index.php?rest_route=\/wp\/v2\/types\/post"}],"author":[{"embeddable":true,"href":"https:\/\/www.cmc.mg.gov.br\/index.php?rest_route=\/wp\/v2\/users\/3"}],"replies":[{"embeddable":true,"href":"https:\/\/www.cmc.mg.gov.br\/index.php?rest_route=%2Fwp%2Fv2%2Fcomments&post=4277"}],"version-history":[{"count":5,"href":"https:\/\/www.cmc.mg.gov.br\/index.php?rest_route=\/wp\/v2\/posts\/4277\/revisions"}],"predecessor-version":[{"id":4320,"href":"https:\/\/www.cmc.mg.gov.br\/index.php?rest_route=\/wp\/v2\/posts\/4277\/revisions\/4320"}],"wp:attachment":[{"href":"https:\/\/www.cmc.mg.gov.br\/index.php?rest_route=%2Fwp%2Fv2%2Fmedia&parent=4277"}],"wp:term":[{"taxonomy":"category","embeddable":true,"href":"https:\/\/www.cmc.mg.gov.br\/index.php?rest_route=%2Fwp%2Fv2%2Fcategories&post=4277"},{"taxonomy":"post_tag","embeddable":true,"href":"https:\/\/www.cmc.mg.gov.br\/index.php?rest_route=%2Fwp%2Fv2%2Ftags&post=4277"}],"curies":[{"name":"wp","href":"https:\/\/api.w.org\/{rel}","templated":true}]}}