
{"id":4285,"date":"2015-08-04T11:58:06","date_gmt":"2015-08-04T14:58:06","guid":{"rendered":"http:\/\/www.cmc.mg.gov.br\/?p=4285"},"modified":"2015-08-04T12:01:23","modified_gmt":"2015-08-04T15:01:23","slug":"relacao-de-inscritos-para-a-subcomissao-tecnica-de-comunicacao-e-marketing","status":"publish","type":"post","link":"https:\/\/www.cmc.mg.gov.br\/?p=4285","title":{"rendered":"Rela\u00e7\u00e3o de inscritos para a Subcomiss\u00e3o T\u00e9cnica de Comunica\u00e7\u00e3o e Marketing"},"content":{"rendered":"<p style=\"text-align: justify;\">A C\u00e2mara Municipal de Contagem torna p\u00fablica, para conhecimento dos interessados, a rela\u00e7\u00e3o dos nomes dos profissionais que tiveram suas inscri\u00e7\u00f5es <strong>DEFERIDAS<\/strong> para a participa\u00e7\u00e3o no sorteio dos membros que ir\u00e3o compor a <strong>Subcomiss\u00e3o T\u00e9cnica<\/strong> que ir\u00e1 proceder \u00e0 an\u00e1lise e ao julgamento das propostas t\u00e9cnicas a serem apresentadas no \u00e2mbito da <strong>Tomada de Pre\u00e7o n\u00ba 01\/2015<\/strong>, que tem por objeto a contrata\u00e7\u00e3o de empresa de servi\u00e7os de Publicidade e Marketing, visando ao planejamento, estudo, pesquisa, cria\u00e7\u00e3o, veicula\u00e7\u00e3o e controle de resultado de campanhas publicit\u00e1rias e institucionais de car\u00e1ter informativo, educativo e de orienta\u00e7\u00e3o social de interesse da C\u00e2mara Municipal de Contagem.<\/p>\n<p style=\"text-align: justify;\">A sess\u00e3o p\u00fablica para sorteio dos profissionais que ir\u00e3o compor a Subcomiss\u00e3o T\u00e9cnica ser\u00e1 no <strong>dia 24 de agosto de 2015 \u00e0s 14h<\/strong>, no Plen\u00e1rio da C\u00e2mara Municipal de Contagem\u00a0(Pra\u00e7a S\u00e3o Gon\u00e7alo n\u00ba 18, Centro, Contagem\/MG).<\/p>\n<p style=\"text-align: justify;\">Para acessar a rela\u00e7\u00e3o e outras informa\u00e7\u00f5es sobre o processo, <a href=\"http:\/\/www.cmc.mg.gov.br\/wordpress\/wp-content\/uploads\/2015\/08\/RELA\u00c7\u00c3O-DE-INSCRITOS-SUBCOMISS\u00c3O.docx\">clique aqui<\/a>.<\/p>\n","protected":false},"excerpt":{"rendered":"<p>A C\u00e2mara Municipal de Contagem torna p\u00fablica, para conhecimento dos interessados, a rela\u00e7\u00e3o dos nomes dos profissionais que tiveram suas inscri\u00e7\u00f5es DEFERIDAS para a participa\u00e7\u00e3o no sorteio dos membros que ir\u00e3o compor a Subcomiss\u00e3o T\u00e9cnica que ir\u00e1 proceder \u00e0 an\u00e1lise e ao julgamento das propostas t\u00e9cnicas a serem apresentadas no \u00e2mbito da Tomada de Pre\u00e7o &hellip; <a href=\"https:\/\/www.cmc.mg.gov.br\/?p=4285\" class=\"more-link\">Continue lendo <span class=\"screen-reader-text\">Rela\u00e7\u00e3o de inscritos para a Subcomiss\u00e3o T\u00e9cnica de Comunica\u00e7\u00e3o e Marketing<\/span> <span class=\"meta-nav\">&rarr;<\/span><\/a><\/p>\n","protected":false},"author":3,"featured_media":0,"comment_status":"open","ping_status":"open","sticky":false,"template":"","format":"standard","meta":{"_exactmetrics_skip_tracking":false,"_exactmetrics_sitenote_active":false,"_exactmetrics_sitenote_note":"","_exactmetrics_sitenote_category":0,"footnotes":""},"categories":[21],"tags":[],"class_list":["post-4285","post","type-post","status-publish","format-standard","hentry","category-licitacoes"],"_links":{"self":[{"href":"https:\/\/www.cmc.mg.gov.br\/index.php?rest_route=\/wp\/v2\/posts\/4285","targetHints":{"allow":["GET"]}}],"collection":[{"href":"https:\/\/www.cmc.mg.gov.br\/index.php?rest_route=\/wp\/v2\/posts"}],"about":[{"href":"https:\/\/www.cmc.mg.gov.br\/index.php?rest_route=\/wp\/v2\/types\/post"}],"author":[{"embeddable":true,"href":"https:\/\/www.cmc.mg.gov.br\/index.php?rest_route=\/wp\/v2\/users\/3"}],"replies":[{"embeddable":true,"href":"https:\/\/www.cmc.mg.gov.br\/index.php?rest_route=%2Fwp%2Fv2%2Fcomments&post=4285"}],"version-history":[{"count":5,"href":"https:\/\/www.cmc.mg.gov.br\/index.php?rest_route=\/wp\/v2\/posts\/4285\/revisions"}],"predecessor-version":[{"id":4291,"href":"https:\/\/www.cmc.mg.gov.br\/index.php?rest_route=\/wp\/v2\/posts\/4285\/revisions\/4291"}],"wp:attachment":[{"href":"https:\/\/www.cmc.mg.gov.br\/index.php?rest_route=%2Fwp%2Fv2%2Fmedia&parent=4285"}],"wp:term":[{"taxonomy":"category","embeddable":true,"href":"https:\/\/www.cmc.mg.gov.br\/index.php?rest_route=%2Fwp%2Fv2%2Fcategories&post=4285"},{"taxonomy":"post_tag","embeddable":true,"href":"https:\/\/www.cmc.mg.gov.br\/index.php?rest_route=%2Fwp%2Fv2%2Ftags&post=4285"}],"curies":[{"name":"wp","href":"https:\/\/api.w.org\/{rel}","templated":true}]}}