
{"id":4330,"date":"2015-08-17T16:56:54","date_gmt":"2015-08-17T19:56:54","guid":{"rendered":"http:\/\/www.cmc.mg.gov.br\/?p=4330"},"modified":"2015-08-17T16:59:23","modified_gmt":"2015-08-17T19:59:23","slug":"ata-do-pregao-presencial-no-072015-manutencao-de-elevadores","status":"publish","type":"post","link":"https:\/\/www.cmc.mg.gov.br\/?p=4330","title":{"rendered":"Ata do Preg\u00e3o Presencial n\u00ba 07\/2015 &#8211; Manuten\u00e7\u00e3o de elevadores"},"content":{"rendered":"<p style=\"text-align: justify;\">A C\u00e2mara Municipal de Contagem torna p\u00fablico, para conhecimento dos interessados, a <a href=\"http:\/\/www.cmc.mg.gov.br\/wordpress\/wp-content\/uploads\/2015\/08\/ATA-PP-07-2015.pdf\" target=\"_blank\"><strong>Ata da Sess\u00e3o P\u00fablica referente ao\u00a0Preg\u00e3o Presencial n\u00ba 07\/2015<\/strong><\/a>, realizada no dia 17 de Agosto de 2015, a partir das 14h, no Plen\u00e1rio desta casa legislativa, tendo por objeto: a contrata\u00e7\u00e3o de empresa para manuten\u00e7\u00e3o preventiva, emergencial e corretiva, incluindo a presta\u00e7\u00e3o de servi\u00e7os de reposi\u00e7\u00e3o e\/ou substitui\u00e7\u00e3o de pe\u00e7as, equipamentos e componentes dos elevadores instalados neste legislativo municipal.<\/p>\n<p style=\"text-align: justify;\">Outras informa\u00e7\u00f5es sobre o processo podem ser encontradas em publica\u00e7\u00e3o anterior no site da C\u00e2mara, <a href=\"http:\/\/www.cmc.mg.gov.br\/?p=4277\">clicando aqui<\/a>.<\/p>\n<p style=\"text-align: justify;\">Para esclarecimentos adicionais, entre em contato com\u00a0a\u00a0Comiss\u00e3o Permanente de Licita\u00e7\u00e3o, pelos telefones: (31) 3359-8744, (31) 3198-5141 e (31) 3198-5142, , de segunda a sexta-feira, no hor\u00e1rio de 09h \u00e0s 18h.<\/p>\n<p>\u00c9rica Pereira de Souza \u2013 Pregoeira.<\/p>\n<p style=\"text-align: justify;\">\n","protected":false},"excerpt":{"rendered":"<p>A C\u00e2mara Municipal de Contagem torna p\u00fablico, para conhecimento dos interessados, a Ata da Sess\u00e3o P\u00fablica referente ao\u00a0Preg\u00e3o Presencial n\u00ba 07\/2015, realizada no dia 17 de Agosto de 2015, a partir das 14h, no Plen\u00e1rio desta casa legislativa, tendo por objeto: a contrata\u00e7\u00e3o de empresa para manuten\u00e7\u00e3o preventiva, emergencial e corretiva, incluindo a presta\u00e7\u00e3o de &hellip; <a href=\"https:\/\/www.cmc.mg.gov.br\/?p=4330\" class=\"more-link\">Continue lendo <span class=\"screen-reader-text\">Ata do Preg\u00e3o Presencial n\u00ba 07\/2015 &#8211; Manuten\u00e7\u00e3o de elevadores<\/span> <span class=\"meta-nav\">&rarr;<\/span><\/a><\/p>\n","protected":false},"author":3,"featured_media":0,"comment_status":"open","ping_status":"open","sticky":false,"template":"","format":"standard","meta":{"_exactmetrics_skip_tracking":false,"_exactmetrics_sitenote_active":false,"_exactmetrics_sitenote_note":"","_exactmetrics_sitenote_category":0,"footnotes":""},"categories":[21],"tags":[],"class_list":["post-4330","post","type-post","status-publish","format-standard","hentry","category-licitacoes"],"_links":{"self":[{"href":"https:\/\/www.cmc.mg.gov.br\/index.php?rest_route=\/wp\/v2\/posts\/4330","targetHints":{"allow":["GET"]}}],"collection":[{"href":"https:\/\/www.cmc.mg.gov.br\/index.php?rest_route=\/wp\/v2\/posts"}],"about":[{"href":"https:\/\/www.cmc.mg.gov.br\/index.php?rest_route=\/wp\/v2\/types\/post"}],"author":[{"embeddable":true,"href":"https:\/\/www.cmc.mg.gov.br\/index.php?rest_route=\/wp\/v2\/users\/3"}],"replies":[{"embeddable":true,"href":"https:\/\/www.cmc.mg.gov.br\/index.php?rest_route=%2Fwp%2Fv2%2Fcomments&post=4330"}],"version-history":[{"count":5,"href":"https:\/\/www.cmc.mg.gov.br\/index.php?rest_route=\/wp\/v2\/posts\/4330\/revisions"}],"predecessor-version":[{"id":4336,"href":"https:\/\/www.cmc.mg.gov.br\/index.php?rest_route=\/wp\/v2\/posts\/4330\/revisions\/4336"}],"wp:attachment":[{"href":"https:\/\/www.cmc.mg.gov.br\/index.php?rest_route=%2Fwp%2Fv2%2Fmedia&parent=4330"}],"wp:term":[{"taxonomy":"category","embeddable":true,"href":"https:\/\/www.cmc.mg.gov.br\/index.php?rest_route=%2Fwp%2Fv2%2Fcategories&post=4330"},{"taxonomy":"post_tag","embeddable":true,"href":"https:\/\/www.cmc.mg.gov.br\/index.php?rest_route=%2Fwp%2Fv2%2Ftags&post=4330"}],"curies":[{"name":"wp","href":"https:\/\/api.w.org\/{rel}","templated":true}]}}