
{"id":4360,"date":"2015-08-20T17:15:41","date_gmt":"2015-08-20T20:15:41","guid":{"rendered":"http:\/\/www.cmc.mg.gov.br\/?p=4360"},"modified":"2015-11-27T13:54:26","modified_gmt":"2015-11-27T15:54:26","slug":"aviso-de-licitacao-servicos-de-publicidade-e-marketing","status":"publish","type":"post","link":"https:\/\/www.cmc.mg.gov.br\/?p=4360","title":{"rendered":"Aviso de Licita\u00e7\u00e3o &#8211; Servi\u00e7os de Publicidade e Marketing"},"content":{"rendered":"<p style=\"text-align: justify;\">C\u00e2mara Municipal de Contagem \u2013 MG. Tomada de pre\u00e7os n\u00ba 001\/2015. Processo licitat\u00f3rio n\u00ba 16\/2015. Torna p\u00fablico, para conhecimento dos interessados, que far\u00e1 realizar, no dia <strong>28 de setembro de 2015, \u00e0s 14h<\/strong>, em sua sede, na Pra\u00e7a S\u00e3o Gon\u00e7alo n\u00ba 18, Centro, Munic\u00edpio de Contagem, Estado de Minas Gerais, licita\u00e7\u00e3o na modalidade Tomada de pre\u00e7os, tipo t\u00e9cnica e pre\u00e7o, tendo por objeto a <strong>contrata\u00e7\u00e3o de empresa especializada para a presta\u00e7\u00e3o de servi\u00e7os de publicidade e Marketing<\/strong>, visando ao planejamento, estudo, pesquisa, cria\u00e7\u00e3o, veicula\u00e7\u00e3o e controle de resultado de campanhas publicit\u00e1rias e institucionais de car\u00e1ter informativo, educativo e de orienta\u00e7\u00e3o social de interesse da C\u00e2mara Municipal de Contagem. O texto integral do edital (contendo todas as informa\u00e7\u00f5es sobre o certame) encontra-se \u00e0 disposi\u00e7\u00e3o dos interessados no seguinte link:\u00a0<a href=\"http:\/\/www.cmc.mg.gov.br\/wordpress\/wp-content\/uploads\/2015\/08\/EDITAL-TOMADA-DE-PRE\u00c7O-001-2015-PUBLICIDADE-pdf.pdf\">EDITAL.pdf<\/a>;\u00a0e pelo e-mail <a href=\"mailto:compras@cmc.mg.gov.br\">compras@cmc.mg.gov.br<\/a>\u00a0&#8211;\u00a0Comiss\u00e3o Permanente de Licita\u00e7\u00e3o, telefone: (31) 3198-5141 e (31) 3359-8730 ou Pessoalmente no endere\u00e7o: Pra\u00e7a S\u00e3o Gon\u00e7alo, n\u00ba 18, subsolo 2, ger\u00eancia legislativa,\u00a0 Centro, Contagem \/MG, de segunda a sexta-feira, no hor\u00e1rio de 12h as 18h.<\/p>\n<p style=\"text-align: justify;\"><strong>Dilson Martins Drumond<\/strong> . Contagem\/MG, 19 de Agosto de 2015.<\/p>\n<ul>\n<li style=\"text-align: justify;\"><a href=\"http:\/\/www.cmc.mg.gov.br\/wordpress\/wp-content\/uploads\/2015\/09\/RESPOSTA-DE-ESCLARECIMENTO-1.docx\" target=\"_blank\">RESPOSTA DE ESCLARECIMENTO 1 &#8211; TP 01-2015<\/a>\u00a0&#8211; 08\/09\/2015.<\/li>\n<li style=\"text-align: justify;\"><a href=\"http:\/\/www.cmc.mg.gov.br\/wordpress\/wp-content\/uploads\/2015\/09\/RESPOSTA-DE-ESCLARECIMENTO-2-TP-01-2015.docx\" target=\"_blank\">RESPOSTA DE ESCLARECIMENTO 2 &#8211; TP 01-2015<\/a>\u00a0&#8211; 14\/09\/2015.<\/li>\n<li style=\"text-align: justify;\"><a href=\"http:\/\/www.cmc.mg.gov.br\/wordpress\/wp-content\/uploads\/2015\/08\/RESPOSTA-DE-ESCLARECIMENTO-3-e-4-TP-01-2015.pdf\" target=\"_blank\">RESPOSTA DE ESCLARECIMENTO 3 e 4 &#8211; TP 01-2015<\/a>\u00a0&#8211; 16\/09\/2015.<\/li>\n<li style=\"text-align: justify;\"><a href=\"http:\/\/www.cmc.mg.gov.br\/wordpress\/wp-content\/uploads\/2015\/08\/RETIFICA\u00c7\u00c3O-EDITAL-TOMADA-DE-PRE\u00c7O-001-2015-PUBLICIDADE-16-09-2015.pdf\" target=\"_blank\">RETIFICA\u00c7\u00c3O &#8211; EDITAL TOMADA DE PRE\u00c7O 001-2015- PUBLICIDADE<\/a>\u00a0&#8211; 16\/09\/2015.<\/li>\n<li style=\"text-align: justify;\"><a href=\"http:\/\/www.cmc.mg.gov.br\/wordpress\/wp-content\/uploads\/2015\/08\/RESPOSTA-DE-ESCLARECIMENTO-5-TP-01-2015.pdf\" target=\"_blank\">RESPOSTA DE ESCLARECIMENTO 5 &#8211; TP 01-2015<\/a>\u00a0&#8211; 17\/09\/2015.<\/li>\n<li style=\"text-align: justify;\"><a href=\"http:\/\/www.cmc.mg.gov.br\/wordpress\/wp-content\/uploads\/2015\/08\/RESPOSTA-DE-ESCLARECIMENTO-6-7-E-8-TP-01-2015.pdf\" target=\"_blank\">RESPOSTA DE ESCLARECIMENTO 6, 7 e\u00a08 &#8211; TP 01-2015<\/a>\u00a0&#8211; 24\/09\/2015.<\/li>\n<li style=\"text-align: justify;\"><a href=\"http:\/\/www.cmc.mg.gov.br\/wordpress\/wp-content\/uploads\/2015\/08\/ATA-1-TOMADA-DE-PRE\u00c7OS-01-2015-ATA-ASSINADA-DISPONIVEL-NO-PROCESSO.pdf\">ATA 1- TOMADA DE PRE\u00c7OS 01-2015\u00a0<\/a>&#8211; 29\/09\/2015.<\/li>\n<li style=\"text-align: justify;\"><a href=\"http:\/\/www.cmc.mg.gov.br\/wordpress\/wp-content\/uploads\/2015\/08\/ATA-2-TOMADA-DE-PRE\u00c7OS-01-2015-ATA-ASSINADA-DISPONIVEL-NO-PROCESSO.pdf\">ATA 2- TOMADA DE PRE\u00c7OS 01-2015 &#8211;\u00a0<\/a>06\/10\/2015.<\/li>\n<li style=\"text-align: justify;\"><a href=\"http:\/\/www.cmc.mg.gov.br\/wordpress\/wp-content\/uploads\/2015\/08\/AVISO-REUNI\u00c3O-PARA-APURA\u00c7\u00c3O-RESULTADO-PROPOSTA-TECNICA.docx\">AVISO REUNI\u00c3O PARA APURA\u00c7\u00c3O RESULTADO PROPOSTA T\u00c9CNICA<\/a>\u00a0&#8211; 09\/10\/2015.<\/li>\n<li style=\"text-align: justify;\"><a href=\"http:\/\/www.cmc.mg.gov.br\/wordpress\/wp-content\/uploads\/2015\/08\/ATA-3-TOMADA-DE-PRE\u00c7OS-01-2015-ATA-ASSINADA-DISPONIVEL-NO-PROCESSO.pdf\" target=\"_blank\">ATA 3 &#8211; TOMADA DE PRE\u00c7OS 01-2015- ATA ASSINADA DISPON\u00cdVEL NO PROCESSO<\/a> &#8211; 09\/10\/2015.<\/li>\n<li style=\"text-align: justify;\"><a href=\"http:\/\/www.cmc.mg.gov.br\/wordpress\/wp-content\/uploads\/2015\/08\/ATA-4-TOMADA-DE-PRE\u00c7OS-01-2015.docx\" target=\"_blank\">ATA 4- TOMADA DE PRE\u00c7OS 01-2015<\/a>\u00a0&#8211; 16\/10\/2015.<\/li>\n<li style=\"text-align: justify;\"><a href=\"http:\/\/www.cmc.mg.gov.br\/wordpress\/wp-content\/uploads\/2015\/08\/ATA-SUBCOMISS\u00c3O-TECNICA-PLANO-DE-COMUNICA\u00c7\u00c3O.pdf\" target=\"_blank\">ATA SUBCOMISS\u00c3O T\u00c9CNICA PLANO DE COMUNICA\u00c7\u00c3O<\/a>\u00a0&#8211; 16\/10\/2015.<\/li>\n<li style=\"text-align: justify;\"><a href=\"http:\/\/www.cmc.mg.gov.br\/wordpress\/wp-content\/uploads\/2015\/08\/ATA-SUBCOMISS\u00c3O-TECNICA-REPERTORIO-E-CAPACIDADE-TECNICA.pdf\" target=\"_blank\">ATA SUBCOMISS\u00c3O T\u00c9CNICA &#8211; REPERT\u00d3RIO E CAPACIDADE T\u00c9CNICA<\/a>\u00a0&#8211; 16\/10\/2015.<\/li>\n<li style=\"text-align: justify;\"><a href=\"http:\/\/www.cmc.mg.gov.br\/wordpress\/wp-content\/uploads\/2015\/08\/PLANILHA-ELABORADA-PELA-COMISS\u00c3O-LICITA\u00c7\u00c3O.pdf\" target=\"_blank\">PLANILHA ELABORADA PELA COMISS\u00c3O LICITA\u00c7\u00c3O<\/a>\u00a0&#8211; 16\/10\/2015.<\/li>\n<li style=\"text-align: justify;\"><a href=\"http:\/\/www.cmc.mg.gov.br\/wordpress\/wp-content\/uploads\/2015\/08\/PLANILHA-NOTAS-PLANO-DE-COMUNICA\u00c7\u00c3O-SUBCOMISS\u00c3O-TECNICA.pdf\" target=\"_blank\">PLANILHA NOTAS PLANO DE COMUNICA\u00c7\u00c3O &#8211; SUBCOMISS\u00c3O T\u00c9CNICA<\/a>\u00a0&#8211; 16\/10\/2015.<\/li>\n<li style=\"text-align: justify;\"><a href=\"http:\/\/www.cmc.mg.gov.br\/wordpress\/wp-content\/uploads\/2015\/08\/PLANILHA-NOTAS-REPERTORIO-E-CAPACIDADE-SUBCOMISS\u00c3O-TECNICA.pdf\" target=\"_blank\">PLANILHA NOTAS REPERT\u00d3RIO E CAPACIDADE &#8211; SUBCOMISS\u00c3O T\u00c9CNICA<\/a>\u00a0&#8211; 16\/10\/2015.<\/li>\n<li style=\"text-align: justify;\"><a href=\"http:\/\/www.cmc.mg.gov.br\/wordpress\/wp-content\/uploads\/2015\/08\/RESULTADO-PROPOSTA-TECNICA.pdf\" target=\"_blank\">RESULTADO PROPOSTA T\u00c9CNICA<\/a>\u00a0&#8211; 16\/10\/2015.<\/li>\n<li style=\"text-align: justify;\"><a href=\"http:\/\/www.cmc.mg.gov.br\/wordpress\/wp-content\/uploads\/2015\/08\/AVISO-REUNI\u00c3O-PARA-ABERTURA-DO-ENEVELOPE-PROPOSTA-PRE\u00c7O.pdf\">AVISO REUNI\u00c3O PARA ABERTURA DO ENEVELOPE PROPOSTA PRE\u00c7O<\/a><\/li>\n<li style=\"text-align: justify;\"><a href=\"http:\/\/www.cmc.mg.gov.br\/wordpress\/wp-content\/uploads\/2015\/08\/ATA-5-TOMADA-DE-PRE\u00c7OS-01-2015-ata-assinada-disponivel-no-processo-1.pdf\">ATA 5- TOMADA DE PRE\u00c7OS 01-2015- ata assinada disponivel no processo (1)<\/a><\/li>\n<li style=\"text-align: justify;\"><a href=\"http:\/\/www.cmc.mg.gov.br\/wordpress\/wp-content\/uploads\/2015\/08\/PLANILHAS-ANEXO-ATA-5.pdf\">PLANILHAS ANEXO ATA 5<\/a><\/li>\n<li style=\"text-align: justify;\"><a href=\"http:\/\/www.cmc.mg.gov.br\/wordpress\/wp-content\/uploads\/2015\/08\/RESULTADO-PROPOSTA-pre\u00e7o-e-resultado-final-tecnica-e-pre\u00e7o.pdf\">RESULTADO PROPOSTA pre\u00e7o e resultado final t\u00e9cnica e pre\u00e7o<\/a>\u00a0&#8211;\u00a009\/11\/2015.<\/li>\n<li style=\"text-align: justify;\"><a href=\"http:\/\/www.cmc.mg.gov.br\/wordpress\/wp-content\/uploads\/2015\/08\/AVISO-REUNI\u00c3O-PARA-ABERTURA-DO-ENVELOPE-HABILITA\u00c7\u00c3O.pdf\">AVISO REUNI\u00c3O PARA ABERTURA DO ENVELOPE HABILITA\u00c7\u00c3O<\/a>\u00a0&#8211; 19\/11\/2015.<\/li>\n<li style=\"text-align: justify;\"><a href=\"http:\/\/www.cmc.mg.gov.br\/wordpress\/wp-content\/uploads\/2015\/08\/ATA-6-TOMADA-DE-PRE\u00c7OS-01-2015-ata-assinada-disponivel-no-processo.-pdf.pdf\">ATA 6- TOMADA DE PRE\u00c7OS 01-2015\u00a0<\/a>&#8211; 27\/11\/2015.<\/li>\n<li style=\"text-align: justify;\"><a href=\"http:\/\/www.cmc.mg.gov.br\/wordpress\/wp-content\/uploads\/2015\/08\/RESULTADO-PROPOSTA-habilita\u00e7\u00e3o.pdf\">RESULTADO PROPOSTA habilita\u00e7\u00e3o<\/a>\u00a0&#8211; 27\/11\/2015.<\/li>\n<\/ul>\n","protected":false},"excerpt":{"rendered":"<p>C\u00e2mara Municipal de Contagem \u2013 MG. Tomada de pre\u00e7os n\u00ba 001\/2015. Processo licitat\u00f3rio n\u00ba 16\/2015. Torna p\u00fablico, para conhecimento dos interessados, que far\u00e1 realizar, no dia 28 de setembro de 2015, \u00e0s 14h, em sua sede, na Pra\u00e7a S\u00e3o Gon\u00e7alo n\u00ba 18, Centro, Munic\u00edpio de Contagem, Estado de Minas Gerais, licita\u00e7\u00e3o na modalidade Tomada de &hellip; <a href=\"https:\/\/www.cmc.mg.gov.br\/?p=4360\" class=\"more-link\">Continue lendo <span class=\"screen-reader-text\">Aviso de Licita\u00e7\u00e3o &#8211; Servi\u00e7os de Publicidade e Marketing<\/span> <span class=\"meta-nav\">&rarr;<\/span><\/a><\/p>\n","protected":false},"author":3,"featured_media":0,"comment_status":"open","ping_status":"open","sticky":false,"template":"","format":"standard","meta":{"_exactmetrics_skip_tracking":false,"_exactmetrics_sitenote_active":false,"_exactmetrics_sitenote_note":"","_exactmetrics_sitenote_category":0,"footnotes":""},"categories":[21],"tags":[],"class_list":["post-4360","post","type-post","status-publish","format-standard","hentry","category-licitacoes"],"_links":{"self":[{"href":"https:\/\/www.cmc.mg.gov.br\/index.php?rest_route=\/wp\/v2\/posts\/4360","targetHints":{"allow":["GET"]}}],"collection":[{"href":"https:\/\/www.cmc.mg.gov.br\/index.php?rest_route=\/wp\/v2\/posts"}],"about":[{"href":"https:\/\/www.cmc.mg.gov.br\/index.php?rest_route=\/wp\/v2\/types\/post"}],"author":[{"embeddable":true,"href":"https:\/\/www.cmc.mg.gov.br\/index.php?rest_route=\/wp\/v2\/users\/3"}],"replies":[{"embeddable":true,"href":"https:\/\/www.cmc.mg.gov.br\/index.php?rest_route=%2Fwp%2Fv2%2Fcomments&post=4360"}],"version-history":[{"count":27,"href":"https:\/\/www.cmc.mg.gov.br\/index.php?rest_route=\/wp\/v2\/posts\/4360\/revisions"}],"predecessor-version":[{"id":5281,"href":"https:\/\/www.cmc.mg.gov.br\/index.php?rest_route=\/wp\/v2\/posts\/4360\/revisions\/5281"}],"wp:attachment":[{"href":"https:\/\/www.cmc.mg.gov.br\/index.php?rest_route=%2Fwp%2Fv2%2Fmedia&parent=4360"}],"wp:term":[{"taxonomy":"category","embeddable":true,"href":"https:\/\/www.cmc.mg.gov.br\/index.php?rest_route=%2Fwp%2Fv2%2Fcategories&post=4360"},{"taxonomy":"post_tag","embeddable":true,"href":"https:\/\/www.cmc.mg.gov.br\/index.php?rest_route=%2Fwp%2Fv2%2Ftags&post=4360"}],"curies":[{"name":"wp","href":"https:\/\/api.w.org\/{rel}","templated":true}]}}