
{"id":4390,"date":"2015-08-25T12:24:46","date_gmt":"2015-08-25T15:24:46","guid":{"rendered":"http:\/\/www.cmc.mg.gov.br\/?p=4390"},"modified":"2015-08-25T12:30:17","modified_gmt":"2015-08-25T15:30:17","slug":"ata-da-sessao-do-chamamento-publico-0012015-sorteio-da-subcomissao-tecnica","status":"publish","type":"post","link":"https:\/\/www.cmc.mg.gov.br\/?p=4390","title":{"rendered":"Ata da Sess\u00e3o do Chamamento P\u00fablico 001\/2015 &#8211; Sorteio da Subcomiss\u00e3o T\u00e9cnica"},"content":{"rendered":"<p style=\"text-align: justify;\">A C\u00e2mara Municipal de Contagem torna p\u00fablica, para conhecimento dos interessados, a Ata da sess\u00e3o p\u00fablica realizada no dia 24 de agosto de 2015, \u00e0s 14h, no Plen\u00e1rio da C\u00e2mara Municipal de Contagem, para sorteio dos profissionais que ir\u00e3o compor a <strong>Subcomiss\u00e3o T\u00e9cnica<\/strong> que ir\u00e1 proceder \u00e0 an\u00e1lise e ao julgamento das propostas t\u00e9cnicas a serem apresentadas no \u00e2mbito da <strong>Tomada de Pre\u00e7o n\u00ba 01\/2015 (<a href=\"http:\/\/www.cmc.mg.gov.br\/wordpress\/wp-content\/uploads\/2015\/08\/ATA-CHAMAMENTO-01-2015.pdf\" target=\"_blank\">ATA CHAMAMENTO 01-2015<\/a>).\u00a0<\/strong><\/p>\n<p style=\"text-align: justify;\">A Tomada de Pre\u00e7o\u00a0tem\u00a0por objeto a contrata\u00e7\u00e3o de empresa de servi\u00e7os de Publicidade e Marketing, visando ao planejamento, estudo, pesquisa, cria\u00e7\u00e3o, veicula\u00e7\u00e3o e controle de resultado de campanhas publicit\u00e1rias e institucionais de car\u00e1ter informativo, educativo e de orienta\u00e7\u00e3o social de interesse da C\u00e2mara Municipal de Contagem.<\/p>\n<p style=\"text-align: justify;\">Mais informa\u00e7\u00f5es sobre o processo podem ser acessadas, <a href=\"http:\/\/www.cmc.mg.gov.br\/?p=4360\">clicando aqui.<\/a>\u00a0Para esclarecimentos adicionais, entre em contato com\u00a0a\u00a0Comiss\u00e3o Permanente de Licita\u00e7\u00e3o, pelos telefones: (31) 3359-8744, (31) 3198-5141 e (31) 3198-5142, , de segunda a sexta-feira, no hor\u00e1rio de 09h \u00e0s 18h.<\/p>\n","protected":false},"excerpt":{"rendered":"<p>A C\u00e2mara Municipal de Contagem torna p\u00fablica, para conhecimento dos interessados, a Ata da sess\u00e3o p\u00fablica realizada no dia 24 de agosto de 2015, \u00e0s 14h, no Plen\u00e1rio da C\u00e2mara Municipal de Contagem, para sorteio dos profissionais que ir\u00e3o compor a Subcomiss\u00e3o T\u00e9cnica que ir\u00e1 proceder \u00e0 an\u00e1lise e ao julgamento das propostas t\u00e9cnicas a &hellip; <a href=\"https:\/\/www.cmc.mg.gov.br\/?p=4390\" class=\"more-link\">Continue lendo <span class=\"screen-reader-text\">Ata da Sess\u00e3o do Chamamento P\u00fablico 001\/2015 &#8211; Sorteio da Subcomiss\u00e3o T\u00e9cnica<\/span> <span class=\"meta-nav\">&rarr;<\/span><\/a><\/p>\n","protected":false},"author":3,"featured_media":0,"comment_status":"open","ping_status":"open","sticky":false,"template":"","format":"standard","meta":{"_exactmetrics_skip_tracking":false,"_exactmetrics_sitenote_active":false,"_exactmetrics_sitenote_note":"","_exactmetrics_sitenote_category":0,"footnotes":""},"categories":[21],"tags":[],"class_list":["post-4390","post","type-post","status-publish","format-standard","hentry","category-licitacoes"],"_links":{"self":[{"href":"https:\/\/www.cmc.mg.gov.br\/index.php?rest_route=\/wp\/v2\/posts\/4390","targetHints":{"allow":["GET"]}}],"collection":[{"href":"https:\/\/www.cmc.mg.gov.br\/index.php?rest_route=\/wp\/v2\/posts"}],"about":[{"href":"https:\/\/www.cmc.mg.gov.br\/index.php?rest_route=\/wp\/v2\/types\/post"}],"author":[{"embeddable":true,"href":"https:\/\/www.cmc.mg.gov.br\/index.php?rest_route=\/wp\/v2\/users\/3"}],"replies":[{"embeddable":true,"href":"https:\/\/www.cmc.mg.gov.br\/index.php?rest_route=%2Fwp%2Fv2%2Fcomments&post=4390"}],"version-history":[{"count":5,"href":"https:\/\/www.cmc.mg.gov.br\/index.php?rest_route=\/wp\/v2\/posts\/4390\/revisions"}],"predecessor-version":[{"id":4396,"href":"https:\/\/www.cmc.mg.gov.br\/index.php?rest_route=\/wp\/v2\/posts\/4390\/revisions\/4396"}],"wp:attachment":[{"href":"https:\/\/www.cmc.mg.gov.br\/index.php?rest_route=%2Fwp%2Fv2%2Fmedia&parent=4390"}],"wp:term":[{"taxonomy":"category","embeddable":true,"href":"https:\/\/www.cmc.mg.gov.br\/index.php?rest_route=%2Fwp%2Fv2%2Fcategories&post=4390"},{"taxonomy":"post_tag","embeddable":true,"href":"https:\/\/www.cmc.mg.gov.br\/index.php?rest_route=%2Fwp%2Fv2%2Ftags&post=4390"}],"curies":[{"name":"wp","href":"https:\/\/api.w.org\/{rel}","templated":true}]}}