
{"id":530,"date":"2014-03-31T16:33:09","date_gmt":"2014-03-31T19:33:09","guid":{"rendered":"http:\/\/novosite.cmc.mg.gov.br\/?p=530"},"modified":"2014-04-09T16:37:40","modified_gmt":"2014-04-09T19:37:40","slug":"cdl-e-sindicato-patronal-do-comercio-de-contagem-e-ibirite-convidam-para-o-enco-2014","status":"publish","type":"post","link":"https:\/\/www.cmc.mg.gov.br\/?p=530","title":{"rendered":"CDL E SINDICATO PATRONAL DO COM\u00c9RCIO DE CONTAGEM E IBIRIT\u00c9 CONVIDAM PARA O ENCO 2014"},"content":{"rendered":"<p>Representando a C\u00e2mara de Dirigentes Lojistas (CDL) de Contagem e o Sindicato Patronal do Com\u00e9rcio de Contagem e Ibirit\u00e9 (SCCI), Isidoro Afonso de Ara\u00fajo Lima usou a Tribuna Livre da C\u00e2mara nesta semana para fazer o convite para d\u00e9cima edi\u00e7\u00e3o do Enco &#8211; Encontro do Com\u00e9rcio de Contagem e Ibirit\u00e9. O evento, que conta neste ano com a parceria da Prefeitura de Contagem, ser\u00e1 realizado entre os dias 10 e 13 de abril, no Hotel Resort Tau\u00e1.<\/p>\n<p>Segundo Isidoro, o encontro surgiu em 2003 com o objetivo de fortalecer o di\u00e1logo e a intera\u00e7\u00e3o entre os empres\u00e1rios do munic\u00edpio. &#8220;T\u00ednhamos que fazer com que o comerciante conversasse com o comerciante, que o empres\u00e1rio sentasse \u00e0 mesa do outro empres\u00e1rio, para que eles entendessem a necessidade do comprometimento deles com a cidade&#8221;.<\/p>\n<p>Al\u00e9m disso, outra finalidade do encontro \u00e9 reconhecer e formar lideran\u00e7as no cen\u00e1rio empresarial e pol\u00edtico da cidade, buscando identificar &#8220;pessoas que entendam, que aceitem e que queiram brigar por Contagem&#8221;, explicou Isidoro.<\/p>\n<p>Em sua exposi\u00e7\u00e3o, Isidoro falou ainda sobre a possibilidade de o CDL voltar com a campanha &#8220;Contagem vota em Contagem&#8221;, a\u00e7\u00e3o desenvolvida pela entidade em 2010 com o objetivo de incentivar o eleitor de Contagem a votar em candidatos da cidade. Sobre esse assunto, o vereador William Barreiro (PTdoB) pediu aparte para refor\u00e7ar a import\u00e2ncia da campanha, e comparou Contagem a Betim, que nas \u00faltimas elei\u00e7\u00f5es conseguiu eleger tr\u00eas deputados da cidade.<\/p>\n<p>Por fim, Isidoro pediu o apoio dos vereadores no Enco 2014. &#8220;Queria contar com a ajuda dos senhores. Convidem os comerciantes de suas bases, vamos fortalecer o encontro. Se fizerem isso, estar\u00e3o colaborando muito com nossa cidade&#8221;. Os vereadores Fredim (PROS), Caxic\u00f3 (PPS) e Rodinei (PT) tamb\u00e9m se manifestaram, desejaram sucesso no evento e falaram sobre a credibilidade do CDL Contagem.<\/p>\n<p><strong>Agradecimentos<\/strong><\/p>\n<p>Ainda durante e participa\u00e7\u00e3o de Isidoro na Tribuna Livre, o vereador Eduardo Sendon (PSDB) aproveitou para agradecer ao CDL pela futura instala\u00e7\u00e3o de um posto de atendimento ao comerciante e ao consumidor no Shopping Contagem, localizado no bairro Cabral. Segundo Sendon, durante um evento realizado pelo CDL no Ressaca no ano passado, ele solicitou a implanta\u00e7\u00e3o de um ponto de atendimento na regi\u00e3o, para que a popula\u00e7\u00e3o n\u00e3o precisasse se deslocar at\u00e9 o Eldorado para resolver as suas pend\u00eancias.<\/p>\n<p>Outro agradecimento veio do vereador Irineu In\u00e1cio (PSDC), que parabenizou o CDL pelo empenho no processo de mudan\u00e7a do cart\u00e3o alimenta\u00e7\u00e3o dos funcion\u00e1rios da Prefeitura. O CDL Card substituiu, no ano passado, o Coopelife, garantindo a amplia\u00e7\u00e3o dos estabelecimentos credenciados. &#8220;Na \u00e9poca, o CDL assumiu isso com muita compet\u00eancia, e at\u00e9 o momento em que estive na Secretaria de Administra\u00e7\u00e3o, o n\u00famero de reclama\u00e7\u00f5es era praticamente nulo&#8221;, finalizou o parlamentar.<\/p>\n<ul>\n<li>Confira as imagens da reuni\u00e3o na <a href=\"http:\/\/novosite.cmc.mg.gov.br\/?p=493\">Galeria de Fotos<\/a>.<\/li>\n<\/ul>\n","protected":false},"excerpt":{"rendered":"<p>Representando a C\u00e2mara de Dirigentes Lojistas (CDL) de Contagem e o Sindicato Patronal do Com\u00e9rcio de Contagem e Ibirit\u00e9 (SCCI), Isidoro Afonso de Ara\u00fajo Lima usou a Tribuna Livre da C\u00e2mara nesta semana para fazer o convite para d\u00e9cima edi\u00e7\u00e3o do Enco &#8211; Encontro do Com\u00e9rcio de Contagem e Ibirit\u00e9. O evento, que conta neste &hellip; <a href=\"https:\/\/www.cmc.mg.gov.br\/?p=530\" class=\"more-link\">Continue lendo <span class=\"screen-reader-text\">CDL E SINDICATO PATRONAL DO COM\u00c9RCIO DE CONTAGEM E IBIRIT\u00c9 CONVIDAM PARA O ENCO 2014<\/span> <span class=\"meta-nav\">&rarr;<\/span><\/a><\/p>\n","protected":false},"author":3,"featured_media":532,"comment_status":"open","ping_status":"open","sticky":false,"template":"","format":"standard","meta":{"_exactmetrics_skip_tracking":false,"_exactmetrics_sitenote_active":false,"_exactmetrics_sitenote_note":"","_exactmetrics_sitenote_category":0,"footnotes":""},"categories":[11,27,18],"tags":[],"class_list":["post-530","post","type-post","status-publish","format-standard","has-post-thumbnail","hentry","category-eventos","category-noticias","category-plenario"],"_links":{"self":[{"href":"https:\/\/www.cmc.mg.gov.br\/index.php?rest_route=\/wp\/v2\/posts\/530","targetHints":{"allow":["GET"]}}],"collection":[{"href":"https:\/\/www.cmc.mg.gov.br\/index.php?rest_route=\/wp\/v2\/posts"}],"about":[{"href":"https:\/\/www.cmc.mg.gov.br\/index.php?rest_route=\/wp\/v2\/types\/post"}],"author":[{"embeddable":true,"href":"https:\/\/www.cmc.mg.gov.br\/index.php?rest_route=\/wp\/v2\/users\/3"}],"replies":[{"embeddable":true,"href":"https:\/\/www.cmc.mg.gov.br\/index.php?rest_route=%2Fwp%2Fv2%2Fcomments&post=530"}],"version-history":[{"count":4,"href":"https:\/\/www.cmc.mg.gov.br\/index.php?rest_route=\/wp\/v2\/posts\/530\/revisions"}],"predecessor-version":[{"id":535,"href":"https:\/\/www.cmc.mg.gov.br\/index.php?rest_route=\/wp\/v2\/posts\/530\/revisions\/535"}],"wp:featuredmedia":[{"embeddable":true,"href":"https:\/\/www.cmc.mg.gov.br\/index.php?rest_route=\/wp\/v2\/media\/532"}],"wp:attachment":[{"href":"https:\/\/www.cmc.mg.gov.br\/index.php?rest_route=%2Fwp%2Fv2%2Fmedia&parent=530"}],"wp:term":[{"taxonomy":"category","embeddable":true,"href":"https:\/\/www.cmc.mg.gov.br\/index.php?rest_route=%2Fwp%2Fv2%2Fcategories&post=530"},{"taxonomy":"post_tag","embeddable":true,"href":"https:\/\/www.cmc.mg.gov.br\/index.php?rest_route=%2Fwp%2Fv2%2Ftags&post=530"}],"curies":[{"name":"wp","href":"https:\/\/api.w.org\/{rel}","templated":true}]}}