
{"id":536,"date":"2014-04-02T16:42:13","date_gmt":"2014-04-02T19:42:13","guid":{"rendered":"http:\/\/novosite.cmc.mg.gov.br\/?p=536"},"modified":"2014-04-09T17:29:02","modified_gmt":"2014-04-09T20:29:02","slug":"50-anos-do-golpe-de-1964-e-lembrado-na-camara-municipal-de-contagem","status":"publish","type":"post","link":"https:\/\/www.cmc.mg.gov.br\/?p=536","title":{"rendered":"50 ANOS DO GOLPE DE 1964 \u00c9 LEMBRADO NA C\u00c2MARA MUNICIPAL DE CONTAGEM"},"content":{"rendered":"<p>A reuni\u00e3o plen\u00e1ria da \u00faltima ter\u00e7a-feira (01) na C\u00e2mara Municipal de Contagem foi marcada pela lembran\u00e7a dos 50 anos do golpe de 1964, que instaurou o Regime Militar no Brasil. O vice-presidente do Legislativo, vereador Z\u00e9 de Souza (PT), discursou, fazendo um apanhado hist\u00f3rico dos &#8220;anos de chumbo&#8221; e ressaltando a import\u00e2ncia da resist\u00eancia na \u00e9poca para a garantia dos valores democr\u00e1ticos.<\/p>\n<p>&#8220;\u00c9 importante lembrarmos este per\u00edodo nefasto da hist\u00f3ria para n\u00e3o permitirmos novos atentados contra a democracia que, por sua vez, deve ser considerada a maior conquista popular de todos os tempos. \u00c9 importante recordarmos os fatores que resultaram em um golpe de estado para n\u00e3o colocarmos em risco todos os direitos adquiridos nos \u00faltimos anos pela popula\u00e7\u00e3o brasileira. \u00c9 importante lutarmos sempre contra toda e qualquer forma de repress\u00e3o e contra todo e qualquer governo que se apresente sob uma face autorit\u00e1ria e antidemocr\u00e1tica&#8221;, destacou o parlamentar.<\/p>\n<p>O vereador ressaltou que muitas pessoas e partidos pol\u00edticos sofreram persegui\u00e7\u00f5es e san\u00e7\u00f5es do Estado no per\u00edodo. E exaltou a participa\u00e7\u00e3o de alguns partidos na redemocratiza\u00e7\u00e3o do pa\u00eds, citando especificamente a contribui\u00e7\u00e3o do PT, PTB, PMDB, PCdoB, PSB e PPS. &#8220;Senhores vereadores e senhoras vereadoras, n\u00e3o tenham d\u00favidas que, se estamos aqui hoje exercendo mandatos livres e representando democraticamente os cidad\u00e3os e cidad\u00e3s contagenses, \u00e9 gra\u00e7as a tantas pessoas que fizeram a escolha certa de lutar incondicionalmente em defesa da democracia&#8221;.<\/p>\n<p>Para o parlamentar, Contagem n\u00e3o poderia ser esquecida neste contexto. &#8220;N\u00e3o poderia deixar de citar o simbolismo da nossa cidade. Cidade oper\u00e1ria, ber\u00e7o da resist\u00eancia, que foi palco de uma greve geral dos metal\u00fargicos em 68, ano em que a ditadura fazia apenas quatro anos, mas que era o momento de maior repress\u00e3o&#8221;, lembrou. &#8220;Ainda assim, nossos bravos companheiros fizeram, junto com a cidade de Osasco-SP, um movimento capaz de tontear os militares e sacudir o pa\u00eds&#8221;, completou.<\/p>\n<p>Em conclus\u00e3o, refor\u00e7ou que \u00e9 obriga\u00e7\u00e3o de todos os brasileiros a defesa da democracia e a luta contra qualquer regime ditatorial. &#8220;Por isso, neste marco, no dia 1\u00b0 de abril, precisamos refletir acerca do nosso papel e da nossa responsabilidade hist\u00f3rica com a preserva\u00e7\u00e3o e o fortalecimento do Estado Democr\u00e1tico de Direito vigente em nosso pa\u00eds desde 1988&#8221;, concluiu Z\u00e9 de Souza.<\/p>\n<p><strong>Emo\u00e7\u00e3o<\/strong><\/p>\n<p>Em aparte, Arnaldo de Oliveira (PTB) e Obelino Marques (PT) contaram sua experi\u00eancia pessoal na \u00e9poca, e lembraram os companheiros que foram torturados e mortos na luta pela liberdade individual e democracia. &#8220;Vivi e vi pessoas que viveram esse momento t\u00e3o dif\u00edcil da nossa hist\u00f3ria, e os reflexos repercutem at\u00e9 hoje, ficando um legado ruim para nossa sociedade&#8221;, ressaltou Obelino. &#8220;Fico feliz de o vereador Z\u00e9 de Souza ter trazido esse assunto \u00e0 pauta hoje. Fica um sentimento ruim, pois tenho muitos amigos que viveram e morreram lutando&#8221;, concluiu o petista, muito emocionado.<\/p>\n<ul>\n<li>Confira as imagens da reuni\u00e3o na <a href=\"http:\/\/novosite.cmc.mg.gov.br\/?p=554\">Galeria de Fotos<\/a>.<\/li>\n<\/ul>\n","protected":false},"excerpt":{"rendered":"<p>A reuni\u00e3o plen\u00e1ria da \u00faltima ter\u00e7a-feira (01) na C\u00e2mara Municipal de Contagem foi marcada pela lembran\u00e7a dos 50 anos do golpe de 1964, que instaurou o Regime Militar no Brasil. O vice-presidente do Legislativo, vereador Z\u00e9 de Souza (PT), discursou, fazendo um apanhado hist\u00f3rico dos &#8220;anos de chumbo&#8221; e ressaltando a import\u00e2ncia da resist\u00eancia na &hellip; <a href=\"https:\/\/www.cmc.mg.gov.br\/?p=536\" class=\"more-link\">Continue lendo <span class=\"screen-reader-text\">50 ANOS DO GOLPE DE 1964 \u00c9 LEMBRADO NA C\u00c2MARA MUNICIPAL DE CONTAGEM<\/span> <span class=\"meta-nav\">&rarr;<\/span><\/a><\/p>\n","protected":false},"author":3,"featured_media":540,"comment_status":"open","ping_status":"open","sticky":false,"template":"","format":"standard","meta":{"_exactmetrics_skip_tracking":false,"_exactmetrics_sitenote_active":false,"_exactmetrics_sitenote_note":"","_exactmetrics_sitenote_category":0,"footnotes":""},"categories":[8,27,18,10],"tags":[],"class_list":["post-536","post","type-post","status-publish","format-standard","has-post-thumbnail","hentry","category-camara","category-noticias","category-plenario","category-tribuna-livre"],"_links":{"self":[{"href":"https:\/\/www.cmc.mg.gov.br\/index.php?rest_route=\/wp\/v2\/posts\/536","targetHints":{"allow":["GET"]}}],"collection":[{"href":"https:\/\/www.cmc.mg.gov.br\/index.php?rest_route=\/wp\/v2\/posts"}],"about":[{"href":"https:\/\/www.cmc.mg.gov.br\/index.php?rest_route=\/wp\/v2\/types\/post"}],"author":[{"embeddable":true,"href":"https:\/\/www.cmc.mg.gov.br\/index.php?rest_route=\/wp\/v2\/users\/3"}],"replies":[{"embeddable":true,"href":"https:\/\/www.cmc.mg.gov.br\/index.php?rest_route=%2Fwp%2Fv2%2Fcomments&post=536"}],"version-history":[{"count":3,"href":"https:\/\/www.cmc.mg.gov.br\/index.php?rest_route=\/wp\/v2\/posts\/536\/revisions"}],"predecessor-version":[{"id":574,"href":"https:\/\/www.cmc.mg.gov.br\/index.php?rest_route=\/wp\/v2\/posts\/536\/revisions\/574"}],"wp:featuredmedia":[{"embeddable":true,"href":"https:\/\/www.cmc.mg.gov.br\/index.php?rest_route=\/wp\/v2\/media\/540"}],"wp:attachment":[{"href":"https:\/\/www.cmc.mg.gov.br\/index.php?rest_route=%2Fwp%2Fv2%2Fmedia&parent=536"}],"wp:term":[{"taxonomy":"category","embeddable":true,"href":"https:\/\/www.cmc.mg.gov.br\/index.php?rest_route=%2Fwp%2Fv2%2Fcategories&post=536"},{"taxonomy":"post_tag","embeddable":true,"href":"https:\/\/www.cmc.mg.gov.br\/index.php?rest_route=%2Fwp%2Fv2%2Ftags&post=536"}],"curies":[{"name":"wp","href":"https:\/\/api.w.org\/{rel}","templated":true}]}}