
{"id":544,"date":"2014-04-04T16:52:12","date_gmt":"2014-04-04T19:52:12","guid":{"rendered":"http:\/\/novosite.cmc.mg.gov.br\/?p=544"},"modified":"2014-04-09T17:31:15","modified_gmt":"2014-04-09T20:31:15","slug":"campanha-eu-nao-mereco-ser-estuprada-e-destaque-na-reuniao-da-camara","status":"publish","type":"post","link":"https:\/\/www.cmc.mg.gov.br\/?p=544","title":{"rendered":"CAMPANHA &#8220;EU N\u00c3O MERE\u00c7O SER ESTUPRADA&#8221; \u00c9 DESTAQUE NA REUNI\u00c3O DA C\u00c2MARA"},"content":{"rendered":"<p>Tema na ordem do dia das discuss\u00f5es na imprensa, nas ruas e nas redes sociais, a viol\u00eancia contra a mulher foi assunto da reuni\u00e3o plen\u00e1ria da \u00faltima ter\u00e7a-feira (01).<\/p>\n<p>Solid\u00e1ria \u00e0 campanha &#8220;N\u00e3o mere\u00e7o ser estuprada&#8221;, a vereadora Isabella Filaretti (PTB) levantou a quest\u00e3o, mostrando-se perplexa com os resultados de uma pesquisa realizada em 2013 pelo Instituto de Pesquisa Econ\u00f4mica Aplicada com quase 4 mil pessoas. O levantamento indicou que 65% dos entrevistados acreditam que mulheres que usam roupas que mostram o corpo merecem ser atacadas, e 58,5% concordam que, se as mulheres soubessem se comportar, haveria menos estupros.<\/p>\n<p>A vereadora revelou alguns dados sobre a viol\u00eancia contra a mulher e demonstrou sua indigna\u00e7\u00e3o. &#8220;Mais de 527 mil pessoas s\u00e3o estupradas por ano no Brasil. 89% desse total s\u00e3o mulheres, e elas n\u00e3o s\u00e3o as culpadas por isso. E apenas 10% chegam \u00e0 pol\u00edcia. Estupro \u00e9 crime e n\u00e3o \u00e9 causado pela v\u00edtima em nenhuma hip\u00f3tese. \u00c9 impressionante como o mundo continua machista; um absurdo&#8221;.<\/p>\n<p>&#8220;A roupa \u00e9 autoestima e cultura, e o tipo de roupa n\u00e3o pode ser desculpa para a pr\u00e1tica desse crime, dessa viola\u00e7\u00e3o dos direitos humanos. A popula\u00e7\u00e3o tem que mudar esse conceito apresentado pela pesquisa. Eu n\u00e3o mere\u00e7o ser estuprada, assim como nenhuma mulher merece&#8221;, completou Filaretti.<\/p>\n<p>Em aparte, o l\u00edder de governo na C\u00e2mara, vereador Arnaldo de Oliveira (PTB), parabenizou a parlamentar por ter levado o assunto ao Legislativo e tamb\u00e9m externou seu espanto com o indicado pelo estudo. &#8220;Essa pesquisa \u00e9 assustadora, porque, com muito trabalho e dedica\u00e7\u00e3o, a mulher passou a ocupar todos os espa\u00e7os da sociedade, e temos, inclusive, uma mulher na Presid\u00eancia da Rep\u00fablica. Ent\u00e3o, essa pesquisa acaba indicando que a nossa sociedade est\u00e1 doente e precisa mudar seu pensamento. Cabe a n\u00f3s debatermos o tema e investirmos na educa\u00e7\u00e3o, para que tenhamos gera\u00e7\u00f5es mais conscientes&#8221;, concluiu.<\/p>\n<ul>\n<li>Confira as imagens da reuni\u00e3o na\u00a0<a href=\"http:\/\/novosite.cmc.mg.gov.br\/?p=554\">Galeria de Fotos<\/a>.<\/li>\n<\/ul>\n","protected":false},"excerpt":{"rendered":"<p>Tema na ordem do dia das discuss\u00f5es na imprensa, nas ruas e nas redes sociais, a viol\u00eancia contra a mulher foi assunto da reuni\u00e3o plen\u00e1ria da \u00faltima ter\u00e7a-feira (01). Solid\u00e1ria \u00e0 campanha &#8220;N\u00e3o mere\u00e7o ser estuprada&#8221;, a vereadora Isabella Filaretti (PTB) levantou a quest\u00e3o, mostrando-se perplexa com os resultados de uma pesquisa realizada em 2013 &hellip; <a href=\"https:\/\/www.cmc.mg.gov.br\/?p=544\" class=\"more-link\">Continue lendo <span class=\"screen-reader-text\">CAMPANHA &#8220;EU N\u00c3O MERE\u00c7O SER ESTUPRADA&#8221; \u00c9 DESTAQUE NA REUNI\u00c3O DA C\u00c2MARA<\/span> <span class=\"meta-nav\">&rarr;<\/span><\/a><\/p>\n","protected":false},"author":3,"featured_media":545,"comment_status":"open","ping_status":"open","sticky":false,"template":"","format":"standard","meta":{"_exactmetrics_skip_tracking":false,"_exactmetrics_sitenote_active":false,"_exactmetrics_sitenote_note":"","_exactmetrics_sitenote_category":0,"footnotes":""},"categories":[8,27,18],"tags":[],"class_list":["post-544","post","type-post","status-publish","format-standard","has-post-thumbnail","hentry","category-camara","category-noticias","category-plenario"],"_links":{"self":[{"href":"https:\/\/www.cmc.mg.gov.br\/index.php?rest_route=\/wp\/v2\/posts\/544","targetHints":{"allow":["GET"]}}],"collection":[{"href":"https:\/\/www.cmc.mg.gov.br\/index.php?rest_route=\/wp\/v2\/posts"}],"about":[{"href":"https:\/\/www.cmc.mg.gov.br\/index.php?rest_route=\/wp\/v2\/types\/post"}],"author":[{"embeddable":true,"href":"https:\/\/www.cmc.mg.gov.br\/index.php?rest_route=\/wp\/v2\/users\/3"}],"replies":[{"embeddable":true,"href":"https:\/\/www.cmc.mg.gov.br\/index.php?rest_route=%2Fwp%2Fv2%2Fcomments&post=544"}],"version-history":[{"count":2,"href":"https:\/\/www.cmc.mg.gov.br\/index.php?rest_route=\/wp\/v2\/posts\/544\/revisions"}],"predecessor-version":[{"id":576,"href":"https:\/\/www.cmc.mg.gov.br\/index.php?rest_route=\/wp\/v2\/posts\/544\/revisions\/576"}],"wp:featuredmedia":[{"embeddable":true,"href":"https:\/\/www.cmc.mg.gov.br\/index.php?rest_route=\/wp\/v2\/media\/545"}],"wp:attachment":[{"href":"https:\/\/www.cmc.mg.gov.br\/index.php?rest_route=%2Fwp%2Fv2%2Fmedia&parent=544"}],"wp:term":[{"taxonomy":"category","embeddable":true,"href":"https:\/\/www.cmc.mg.gov.br\/index.php?rest_route=%2Fwp%2Fv2%2Fcategories&post=544"},{"taxonomy":"post_tag","embeddable":true,"href":"https:\/\/www.cmc.mg.gov.br\/index.php?rest_route=%2Fwp%2Fv2%2Ftags&post=544"}],"curies":[{"name":"wp","href":"https:\/\/api.w.org\/{rel}","templated":true}]}}