
{"id":547,"date":"2014-04-07T16:59:29","date_gmt":"2014-04-07T19:59:29","guid":{"rendered":"http:\/\/novosite.cmc.mg.gov.br\/?p=547"},"modified":"2014-04-10T10:31:51","modified_gmt":"2014-04-10T13:31:51","slug":"legislativo-de-contagem-participa-da-abertura-do-parlamento-jovem-2014","status":"publish","type":"post","link":"https:\/\/www.cmc.mg.gov.br\/?p=547","title":{"rendered":"LEGISLATIVO DE CONTAGEM PARTICIPA DA ABERTURA DO PARLAMENTO JOVEM 2014"},"content":{"rendered":"<p>A C\u00e2mara Municipal de Contagem &#8211; por meio de sua Escola do Legislativo -, em parceria com as C\u00e2maras Municipais de Belo Horizonte e de Betim e com a Pontif\u00edcia Universidade Cat\u00f3lica de Minas Gerais (PUC Minas), realizou na \u00faltima quinta-feira (03) a abertura da edi\u00e7\u00e3o 2014 do Parlamento Jovem Polo BH.<\/p>\n<p>Realizado desde 2004 pela Escola do Legislativo da Assembleia Legislativa de Minas Gerais em parceria com a PUC, o Parlamento Jovem \u00e9 um programa de forma\u00e7\u00e3o pol\u00edtica destinado aos estudantes dos ensinos m\u00e9dio e superior dos munic\u00edpios mineiros, que cria para os jovens uma oportunidade de exerc\u00edcio de participa\u00e7\u00e3o no Parlamento. Na edi\u00e7\u00e3o deste ano, que trabalhar\u00e1 com o tema &#8220;Envelhecimento com Qualidade de Vida&#8221;, houve a inclus\u00e3o de Contagem e Betim no Polo BH.<\/p>\n<p>Na solenidade, que contou com a presen\u00e7a de centenas de estudantes das escolas participantes, o Legislativo de Contagem foi representado por seu 2\u00ba vice-presidente, Eduardo Sendon (PSDB), que tamb\u00e9m \u00e9 o diretor da Escola do Legislativo de Contagem. Compondo a mesa de abertura, junto ao Pr\u00f3-reitor de Extens\u00e3o da PUC, professor Wanderley Chieppe, e ao presidente da C\u00e2mara de BH, vereador L\u00e9o Burgu\u00eas, Sendon ressaltou a import\u00e2ncia do programa para os jovens de Contagem.<\/p>\n<p>&#8220;Hoje, as pessoas t\u00eam uma ideia muito ruim de pol\u00edtica; quando, na verdade, a pol\u00edtica \u00e9 um instrumento nobre de mudan\u00e7a da vida das pessoas para melhor. Com o Parlamento Jovem, teremos a oportunidade de mostrar para a nossa juventude que a pol\u00edtica tem de ser praticada por todos, pois est\u00e1 relacionada \u00e0 vida de todos; e de formar cidad\u00e3os conscientes de seus direitos e deveres, e que saibam formar suas opini\u00f5es&#8221;, destacou Sendon. &#8220;\u00c9 um instrumento para aproximar a C\u00e2mara da popula\u00e7\u00e3o e mostrar qual o papel pol\u00edtico de cada cidad\u00e3o na sociedade&#8221;, completou.<\/p>\n<p>Ap\u00f3s o momento pol\u00edtico de abertura, os presentes assistiram palestras da Coordenadora do Parlamento Jovem BH, Dora Cardoso, que falou sobre a hist\u00f3ria e a metodologia do Programa, e da m\u00e9dica geriatra Dra. Karla Giacomini, que palestrou sobre o tema da edi\u00e7\u00e3o 2014 do Projeto &#8211; Envelhecimento com Qualidade de Vida.<\/p>\n<p><strong>PJ em Contagem<\/strong><\/p>\n<p>Neste ano, o Parlamento Jovem de Contagem vai trabalhar com 60 estudantes de tr\u00eas escolas de ensino m\u00e9dio da cidade: a Escola Estadual Jos\u00e9 da Silva Couto, localizada na regi\u00e3o do Ressaca, a Funec Nova Contagem e o Instituto Educacional Novos Tempos, que fica na regi\u00e3o da Sede.<\/p>\n<p>Na etapa local, os monitores v\u00e3o trabalhar a forma\u00e7\u00e3o pol\u00edtica dos jovens, explicando caracter\u00edsticas e atribui\u00e7\u00f5es do Poder Legislativo e trabalhando o tema proposto pelo Projeto neste ano. A partir da\u00ed, os estudantes poder\u00e3o formular propostas ou a\u00e7\u00f5es relativas ao &#8220;Envelhecimento com Qualidade de Vida&#8221; que ser\u00e3o debatidas e selecionadas em uma plen\u00e1ria realizada na C\u00e2mara de Contagem.<\/p>\n<p>A etapa seguinte \u00e9 a regional, e vai envolver as C\u00e2maras do Polo BH. Nela, as a\u00e7\u00f5es escolhidas nas plen\u00e1rias municipais ser\u00e3o levadas a uma vota\u00e7\u00e3o que vai selecionar as propostas que ser\u00e3o apresentadas pelo Polo na etapa seguinte.<\/p>\n<p>A etapa estadual vai envolver todas as C\u00e2maras do estado que participam do Projeto Parlamento Jovem. Neste evento, ser\u00e1 escolhida uma \u00fanica proposta, que ser\u00e1 levada para a Assembleia Legislativa de Minas, e que poder\u00e1 dar origem a uma a\u00e7\u00e3o ou at\u00e9 mesmo um projeto de lei estadual.<\/p>\n<ul>\n<li>Confira as imagens do evento na <a href=\"http:\/\/novosite.cmc.mg.gov.br\/?p=577\">Galeria de Fotos<\/a>.<\/li>\n<\/ul>\n","protected":false},"excerpt":{"rendered":"<p>A C\u00e2mara Municipal de Contagem &#8211; por meio de sua Escola do Legislativo -, em parceria com as C\u00e2maras Municipais de Belo Horizonte e de Betim e com a Pontif\u00edcia Universidade Cat\u00f3lica de Minas Gerais (PUC Minas), realizou na \u00faltima quinta-feira (03) a abertura da edi\u00e7\u00e3o 2014 do Parlamento Jovem Polo BH. Realizado desde 2004 &hellip; <a href=\"https:\/\/www.cmc.mg.gov.br\/?p=547\" class=\"more-link\">Continue lendo <span class=\"screen-reader-text\">LEGISLATIVO DE CONTAGEM PARTICIPA DA ABERTURA DO PARLAMENTO JOVEM 2014<\/span> <span class=\"meta-nav\">&rarr;<\/span><\/a><\/p>\n","protected":false},"author":3,"featured_media":548,"comment_status":"open","ping_status":"open","sticky":false,"template":"","format":"standard","meta":{"_exactmetrics_skip_tracking":false,"_exactmetrics_sitenote_active":false,"_exactmetrics_sitenote_note":"","_exactmetrics_sitenote_category":0,"footnotes":""},"categories":[8,26,11,27,3],"tags":[],"class_list":["post-547","post","type-post","status-publish","format-standard","has-post-thumbnail","hentry","category-camara","category-escola-do-legislativo","category-eventos","category-noticias","category-projetos-sociais"],"_links":{"self":[{"href":"https:\/\/www.cmc.mg.gov.br\/index.php?rest_route=\/wp\/v2\/posts\/547","targetHints":{"allow":["GET"]}}],"collection":[{"href":"https:\/\/www.cmc.mg.gov.br\/index.php?rest_route=\/wp\/v2\/posts"}],"about":[{"href":"https:\/\/www.cmc.mg.gov.br\/index.php?rest_route=\/wp\/v2\/types\/post"}],"author":[{"embeddable":true,"href":"https:\/\/www.cmc.mg.gov.br\/index.php?rest_route=\/wp\/v2\/users\/3"}],"replies":[{"embeddable":true,"href":"https:\/\/www.cmc.mg.gov.br\/index.php?rest_route=%2Fwp%2Fv2%2Fcomments&post=547"}],"version-history":[{"count":2,"href":"https:\/\/www.cmc.mg.gov.br\/index.php?rest_route=\/wp\/v2\/posts\/547\/revisions"}],"predecessor-version":[{"id":593,"href":"https:\/\/www.cmc.mg.gov.br\/index.php?rest_route=\/wp\/v2\/posts\/547\/revisions\/593"}],"wp:featuredmedia":[{"embeddable":true,"href":"https:\/\/www.cmc.mg.gov.br\/index.php?rest_route=\/wp\/v2\/media\/548"}],"wp:attachment":[{"href":"https:\/\/www.cmc.mg.gov.br\/index.php?rest_route=%2Fwp%2Fv2%2Fmedia&parent=547"}],"wp:term":[{"taxonomy":"category","embeddable":true,"href":"https:\/\/www.cmc.mg.gov.br\/index.php?rest_route=%2Fwp%2Fv2%2Fcategories&post=547"},{"taxonomy":"post_tag","embeddable":true,"href":"https:\/\/www.cmc.mg.gov.br\/index.php?rest_route=%2Fwp%2Fv2%2Ftags&post=547"}],"curies":[{"name":"wp","href":"https:\/\/api.w.org\/{rel}","templated":true}]}}