
{"id":5941,"date":"2016-05-13T18:09:00","date_gmt":"2016-05-13T21:09:00","guid":{"rendered":"http:\/\/www.cmc.mg.gov.br\/?p=5941"},"modified":"2016-05-13T18:09:00","modified_gmt":"2016-05-13T21:09:00","slug":"curso-de-capacitacao-eleitoral-a-politica-no-seculo-xxi","status":"publish","type":"post","link":"https:\/\/www.cmc.mg.gov.br\/?p=5941","title":{"rendered":"Curso de Capacita\u00e7\u00e3o Eleitoral: A Pol\u00edtica no S\u00e9culo XXI"},"content":{"rendered":"<p style=\"text-align: justify;\"><a href=\"http:\/\/www.cmc.mg.gov.br\/wordpress\/wp-content\/uploads\/2016\/05\/Capacita\u00e7\u00e3o-Eleitoral.jpg\" rel=\"attachment wp-att-5942\"><img loading=\"lazy\" decoding=\"async\" class=\"size-medium wp-image-5942 alignleft\" src=\"http:\/\/www.cmc.mg.gov.br\/wordpress\/wp-content\/uploads\/2016\/05\/Capacita\u00e7\u00e3o-Eleitoral-300x264.jpg\" alt=\"Capacita\u00e7\u00e3o Eleitoral\" width=\"300\" height=\"264\" srcset=\"https:\/\/www.cmc.mg.gov.br\/wordpress\/wp-content\/uploads\/2016\/05\/Capacita\u00e7\u00e3o-Eleitoral-300x264.jpg 300w, https:\/\/www.cmc.mg.gov.br\/wordpress\/wp-content\/uploads\/2016\/05\/Capacita\u00e7\u00e3o-Eleitoral-768x677.jpg 768w, https:\/\/www.cmc.mg.gov.br\/wordpress\/wp-content\/uploads\/2016\/05\/Capacita\u00e7\u00e3o-Eleitoral-1024x903.jpg 1024w\" sizes=\"auto, (max-width: 300px) 100vw, 300px\" \/><\/a>A Escola do Legislativo da C\u00e2mara Municipal de Contagem promove o I Curso de Capacita\u00e7\u00e3o Eleitoral: A Pol\u00edtica no S\u00e9culo XXI. O\u00a0p\u00fablico-alvo inclui pr\u00e9-candidatos ao Legislativo, lideran\u00e7as comunit\u00e1rias, servidores p\u00fablicos e tamb\u00e9m cidad\u00e3os interessados pelo processo das elei\u00e7\u00f5es municipais.<\/p>\n<p style=\"text-align: justify;\">O \u201cCurso de Capacita\u00e7\u00e3o Eleitoral: A Pol\u00edtica no S\u00e9culo XXI\u201d \u00e9 composto por quatro palestras, que acontecem entre os dias 28 de abril e 21 de julho, sempre \u00e0s 19h, no plen\u00e1rio da C\u00e2mara Municipal de Contagem.<\/p>\n<p style=\"text-align: justify;\">Se voc\u00ea ainda n\u00e3o fez a sua inscri\u00e7\u00e3o e n\u00e3o participou da primeira palestra, ainda d\u00e1 tempo. <a href=\"http:\/\/escola.cmc.mg.gov.br\/?page_id=52\" target=\"_blank\">Fa\u00e7a agora a sua inscri\u00e7\u00e3o<\/a>. O pr\u00f3ximo palestrante ser\u00e1 o advogado Marius Carvalho, que falar\u00e1 sobre legisla\u00e7\u00e3o e marketing nas campanhas eleitorais.<\/p>\n<p style=\"text-align: justify;\">N\u00e3o perca esta oportunidade.<\/p>\n<p style=\"text-align: justify;\">Informa\u00e7\u00f5es no<a href=\"http:\/\/escola.cmc.mg.gov.br\/\" target=\"_blank\"> site da Escola do Legislativo<\/a> ou pelo telefone\u00a03359-8769.<\/p>\n","protected":false},"excerpt":{"rendered":"<p>A Escola do Legislativo da C\u00e2mara Municipal de Contagem promove o I Curso de Capacita\u00e7\u00e3o Eleitoral: A Pol\u00edtica no S\u00e9culo XXI. O\u00a0p\u00fablico-alvo inclui pr\u00e9-candidatos ao Legislativo, lideran\u00e7as comunit\u00e1rias, servidores p\u00fablicos e tamb\u00e9m cidad\u00e3os interessados pelo processo das elei\u00e7\u00f5es municipais. O \u201cCurso de Capacita\u00e7\u00e3o Eleitoral: A Pol\u00edtica no S\u00e9culo XXI\u201d \u00e9 composto por quatro palestras, que &hellip; <a href=\"https:\/\/www.cmc.mg.gov.br\/?p=5941\" class=\"more-link\">Continue lendo <span class=\"screen-reader-text\">Curso de Capacita\u00e7\u00e3o Eleitoral: A Pol\u00edtica no S\u00e9culo XXI<\/span> <span class=\"meta-nav\">&rarr;<\/span><\/a><\/p>\n","protected":false},"author":2,"featured_media":0,"comment_status":"open","ping_status":"open","sticky":false,"template":"","format":"standard","meta":{"_exactmetrics_skip_tracking":false,"_exactmetrics_sitenote_active":false,"_exactmetrics_sitenote_note":"","_exactmetrics_sitenote_category":0,"footnotes":""},"categories":[26,11,24],"tags":[],"class_list":["post-5941","post","type-post","status-publish","format-standard","hentry","category-escola-do-legislativo","category-eventos","category-eventos-institucionais"],"_links":{"self":[{"href":"https:\/\/www.cmc.mg.gov.br\/index.php?rest_route=\/wp\/v2\/posts\/5941","targetHints":{"allow":["GET"]}}],"collection":[{"href":"https:\/\/www.cmc.mg.gov.br\/index.php?rest_route=\/wp\/v2\/posts"}],"about":[{"href":"https:\/\/www.cmc.mg.gov.br\/index.php?rest_route=\/wp\/v2\/types\/post"}],"author":[{"embeddable":true,"href":"https:\/\/www.cmc.mg.gov.br\/index.php?rest_route=\/wp\/v2\/users\/2"}],"replies":[{"embeddable":true,"href":"https:\/\/www.cmc.mg.gov.br\/index.php?rest_route=%2Fwp%2Fv2%2Fcomments&post=5941"}],"version-history":[{"count":1,"href":"https:\/\/www.cmc.mg.gov.br\/index.php?rest_route=\/wp\/v2\/posts\/5941\/revisions"}],"predecessor-version":[{"id":5943,"href":"https:\/\/www.cmc.mg.gov.br\/index.php?rest_route=\/wp\/v2\/posts\/5941\/revisions\/5943"}],"wp:attachment":[{"href":"https:\/\/www.cmc.mg.gov.br\/index.php?rest_route=%2Fwp%2Fv2%2Fmedia&parent=5941"}],"wp:term":[{"taxonomy":"category","embeddable":true,"href":"https:\/\/www.cmc.mg.gov.br\/index.php?rest_route=%2Fwp%2Fv2%2Fcategories&post=5941"},{"taxonomy":"post_tag","embeddable":true,"href":"https:\/\/www.cmc.mg.gov.br\/index.php?rest_route=%2Fwp%2Fv2%2Ftags&post=5941"}],"curies":[{"name":"wp","href":"https:\/\/api.w.org\/{rel}","templated":true}]}}