
{"id":679,"date":"2014-05-07T14:28:56","date_gmt":"2014-05-07T17:28:56","guid":{"rendered":"http:\/\/novosite.cmc.mg.gov.br\/?p=679"},"modified":"2014-05-12T15:15:23","modified_gmt":"2014-05-12T18:15:23","slug":"eduardo-campos-recebe-titulo-de-cidadania-honoraria-de-contagem","status":"publish","type":"post","link":"https:\/\/www.cmc.mg.gov.br\/?p=679","title":{"rendered":"EDUARDO CAMPOS RECEBE T\u00cdTULO DE CIDADANIA HONOR\u00c1RIA DE CONTAGEM"},"content":{"rendered":"<p>O ex-governador de Pernambuco e pr\u00e9-candidato ao Governo Federal, Eduardo Campos (PSB), recebeu o t\u00edtulo de Cidadania Honor\u00e1ria de Contagem nesta segunda-feira (05). O projeto de resolu\u00e7\u00e3o que outorgou o t\u00edtulo ao ex-governador \u00e9 de autoria dos vereadores\u00a0<em><a href=\"http:\/\/www.cmc.mg.gov.br\/CMC_Site\/site\/Vereador?id=65\" target=\"_blank\">Fredim<\/a><\/em>\u00a0(PROS) e\u00a0<em><a href=\"http:\/\/www.cmc.mg.gov.br\/CMC_Site\/site\/Vereador?id=12\" target=\"_blank\">Caxic\u00f3<\/a><\/em>\u00a0(PPS).<\/p>\n<p>Minutos antes do in\u00edcio da solenidade, que aconteceu no plen\u00e1rio da C\u00e2mara, Eduardo Campos, que tamb\u00e9m \u00e9 presidente do PSB nacional, empossou a diretoria do partido em Contagem. A Executiva Municipal do PSB \u00e9 presidida pelo ex-secret\u00e1rio de Desenvolvimento Econ\u00f4mico de Contagem, Alexis de Freitas, e tem como vice-presidente o ex-embaixador do Brasil em Cuba, Tilden Santiago.<\/p>\n<p>A abertura da solenidade de entrega do t\u00edtulo de Cidadania Honor\u00e1ria foi feita pelo presidente da C\u00e2mara, vereador\u00a0<em><a href=\"http:\/\/www.cmc.mg.gov.br\/CMC_Site\/site\/Vereador?id=8\" target=\"_blank\">Gil Ant\u00f4nio Diniz &#8211; Teteco<\/a><\/em>\u00a0(PMDB). Logo depois, o vereador Fredim discursou sobre a satisfa\u00e7\u00e3o em receber Eduardo Campos no munic\u00edpio e leu um breve hist\u00f3rico pessoal e pol\u00edtico do ex-governador.<\/p>\n<p>&#8220;Eu poderia discorrer sobre seu curr\u00edculo por mais de uma hora. Certamente, estamos na frente de um parceiro de Minas Gerais, (&#8230;) estamos diante de uma das maiores lideran\u00e7as pol\u00edticas do nosso Pa\u00eds&#8221;, declarou o parlamentar. Por fim, Fredim pediu a Campos que inclu\u00edsse em seu programa de governo a reforma do sistema prisional, que hoje \u00e9 &#8220;incapaz de ressocializar delinquentes contumazes&#8221;, de acordo com o vereador.<\/p>\n<p>Em nome da diretoria rec\u00e9m-empossada, Tilden Santiago usou o microfone para lembrar alguns fatos hist\u00f3ricos envolvendo o av\u00f4 de Eduardo Campos, Miguel Arraes, que ao longo de sua carreira pol\u00edtica foi prefeito do Recife, deputado estadual, deputado federal e por tr\u00eas vezes governador do estado de Pernambuco.<\/p>\n<p>Tilden tamb\u00e9m refor\u00e7ou a import\u00e2ncia da presen\u00e7a do ex-governador em Contagem. Depois de oferecer alguns charutos cubanos artesanais a Eduardo Campos, Tilden finalizou sua fala propondo a Contagem a concretiza\u00e7\u00e3o daquilo que, segundo ele, o pr\u00e9-candidato prop\u00f5e ao Brasil: uma nova pol\u00edtica.<\/p>\n<p>O discurso de Eduardo Campos come\u00e7ou com uma reflex\u00e3o a respeito da similaridade entre os estados de Minas Gerais e Pernambuco que, de acordo com ele, se manifestaram e fizeram parte de momentos importantes da hist\u00f3ria do Brasil. &#8220;Em todos os momentos em que esse Pa\u00eds pensou em independ\u00eancia, o povo de Minas e de Pernambuco esteve \u00e0 frente deste pensamento&#8221;, explicou.<\/p>\n<p>Al\u00e9m disso, boa parte do discurso do socialista foi voltada para uma an\u00e1lise sobre o, segundo Campos, crescimento insatisfat\u00f3rio do Brasil nos \u00faltimos anos. Passando por temas com pacto federativo, reforma tribut\u00e1ria, sa\u00fade, educa\u00e7\u00e3o e seguran\u00e7a p\u00fablica, Eduardo Campos encerrou sua fala agradecendo ao Legislativo municipal pela homenagem e firmando um compromisso com Contagem.<\/p>\n<p>&#8220;A \u00fanica forma que posso devolver tamanha aten\u00e7\u00e3o \u00e9 me colocando \u00e0 disposi\u00e7\u00e3o para trabalhar em torno dos mais elevados interesses dessa grande cidade brasileira, de uma cidade importante para o povo e para o futuro de Minas. (&#8230;) Temos o desafio de melhorar o desempenho da ind\u00fastria, a produtividade, a moradia, a seguran\u00e7a; essas s\u00e3o pautas do cotidiano, e quero me colocar \u00e0 disposi\u00e7\u00e3o como cidad\u00e3o, como brasileiro, ao lado das lutas e dos sonhos desta terra&#8221;, encerrou Campos.<\/p>\n<p><strong>Entrevista Coletiva<br \/>\n<\/strong><br \/>\nAntes da outorga do t\u00edtulo, Campos conversou com a imprensa em uma coletiva realizada na presid\u00eancia da C\u00e2mara. Questionado sobre temas ligados \u00e0 mobilidade urbana, d\u00e9ficit habitacional, economia, educa\u00e7\u00e3o e sa\u00fade, Eduardo Campos n\u00e3o deixou de falar tamb\u00e9m sobre sua candidatura, que tem como vice a ex-senadora Marina Silva.<\/p>\n<p>Ao ser indagado sobre suas propostas para Minas e para a cidade de Contagem, Campos contou que est\u00e1 em fase de elabora\u00e7\u00e3o de seu programa de governo, quando tem procurado estimular o partido, em n\u00edvel municipal e estadual, a levantar as principais demandas de cada regi\u00e3o.<\/p>\n<p>A respeito de uma poss\u00edvel candidatura pr\u00f3pria do PSB para o Governo do Estado de Minas Gerais, o ex-governador esclareceu que h\u00e1 duas posi\u00e7\u00f5es dentro do partido que ser\u00e3o discutidas e ir\u00e3o \u00e0 vota\u00e7\u00e3o nos pr\u00f3ximos dias pela diretoria, seguindo o regimento do PSB. &#8220;Mas n\u00e3o estamos condicionando a elei\u00e7\u00e3o nacional aos palanques estaduais&#8221;, finalizou.<\/p>\n<ul>\n<li>Confira as imagens da reuni\u00e3o na <a href=\"http:\/\/novosite.cmc.mg.gov.br\/?p=699\">Galeria de Fotos<\/a><\/li>\n<\/ul>\n","protected":false},"excerpt":{"rendered":"<p>O ex-governador de Pernambuco e pr\u00e9-candidato ao Governo Federal, Eduardo Campos (PSB), recebeu o t\u00edtulo de Cidadania Honor\u00e1ria de Contagem nesta segunda-feira (05). O projeto de resolu\u00e7\u00e3o que outorgou o t\u00edtulo ao ex-governador \u00e9 de autoria dos vereadores\u00a0Fredim\u00a0(PROS) e\u00a0Caxic\u00f3\u00a0(PPS). Minutos antes do in\u00edcio da solenidade, que aconteceu no plen\u00e1rio da C\u00e2mara, Eduardo Campos, que tamb\u00e9m &hellip; <a href=\"https:\/\/www.cmc.mg.gov.br\/?p=679\" class=\"more-link\">Continue lendo <span class=\"screen-reader-text\">EDUARDO CAMPOS RECEBE T\u00cdTULO DE CIDADANIA HONOR\u00c1RIA DE CONTAGEM<\/span> <span class=\"meta-nav\">&rarr;<\/span><\/a><\/p>\n","protected":false},"author":2,"featured_media":698,"comment_status":"open","ping_status":"open","sticky":false,"template":"","format":"standard","meta":{"_exactmetrics_skip_tracking":false,"_exactmetrics_sitenote_active":false,"_exactmetrics_sitenote_note":"","_exactmetrics_sitenote_category":0,"footnotes":""},"categories":[27],"tags":[],"class_list":["post-679","post","type-post","status-publish","format-standard","has-post-thumbnail","hentry","category-noticias"],"_links":{"self":[{"href":"https:\/\/www.cmc.mg.gov.br\/index.php?rest_route=\/wp\/v2\/posts\/679","targetHints":{"allow":["GET"]}}],"collection":[{"href":"https:\/\/www.cmc.mg.gov.br\/index.php?rest_route=\/wp\/v2\/posts"}],"about":[{"href":"https:\/\/www.cmc.mg.gov.br\/index.php?rest_route=\/wp\/v2\/types\/post"}],"author":[{"embeddable":true,"href":"https:\/\/www.cmc.mg.gov.br\/index.php?rest_route=\/wp\/v2\/users\/2"}],"replies":[{"embeddable":true,"href":"https:\/\/www.cmc.mg.gov.br\/index.php?rest_route=%2Fwp%2Fv2%2Fcomments&post=679"}],"version-history":[{"count":3,"href":"https:\/\/www.cmc.mg.gov.br\/index.php?rest_route=\/wp\/v2\/posts\/679\/revisions"}],"predecessor-version":[{"id":842,"href":"https:\/\/www.cmc.mg.gov.br\/index.php?rest_route=\/wp\/v2\/posts\/679\/revisions\/842"}],"wp:featuredmedia":[{"embeddable":true,"href":"https:\/\/www.cmc.mg.gov.br\/index.php?rest_route=\/wp\/v2\/media\/698"}],"wp:attachment":[{"href":"https:\/\/www.cmc.mg.gov.br\/index.php?rest_route=%2Fwp%2Fv2%2Fmedia&parent=679"}],"wp:term":[{"taxonomy":"category","embeddable":true,"href":"https:\/\/www.cmc.mg.gov.br\/index.php?rest_route=%2Fwp%2Fv2%2Fcategories&post=679"},{"taxonomy":"post_tag","embeddable":true,"href":"https:\/\/www.cmc.mg.gov.br\/index.php?rest_route=%2Fwp%2Fv2%2Ftags&post=679"}],"curies":[{"name":"wp","href":"https:\/\/api.w.org\/{rel}","templated":true}]}}