
{"id":699,"date":"2014-05-07T16:43:10","date_gmt":"2014-05-07T19:43:10","guid":{"rendered":"http:\/\/novosite.cmc.mg.gov.br\/?p=699"},"modified":"2014-08-13T17:33:14","modified_gmt":"2014-08-13T20:33:14","slug":"eduardo-campos-recebe-titulo-de-cidadania-honoraria-de-contagem-2","status":"publish","type":"post","link":"https:\/\/www.cmc.mg.gov.br\/?p=699","title":{"rendered":"T\u00cdTULO DE CIDADANIA HONOR\u00c1RIA DE CONTAGEM &#8211;  EDUARDO CAMPOS"},"content":{"rendered":"<p>O ex-governador de Pernambuco e pr\u00e9-candidato ao Governo Federal, Eduardo Campos (PSB), recebeu o t\u00edtulo de Cidadania Honor\u00e1ria de Contagem nesta segunda-feira (05). O projeto de resolu\u00e7\u00e3o que outorgou o t\u00edtulo ao ex-governador \u00e9 de autoria dos vereadores\u00a0<em><a href=\"http:\/\/www.cmc.mg.gov.br\/CMC_Site\/site\/Vereador?id=65\" target=\"_blank\">Fredim<\/a><\/em>\u00a0(PROS) e\u00a0<em><a href=\"http:\/\/www.cmc.mg.gov.br\/CMC_Site\/site\/Vereador?id=12\" target=\"_blank\">Caxic\u00f3<\/a><\/em>\u00a0(PPS). Na ocasi\u00e3o, foi empossada a Diretoria Executiva do PSB em Contagem. Fotos: Leandro Perch\u00e9.<\/p>\n<div id='gallery-1' class='gallery galleryid-699 gallery-columns-3 gallery-size-thumbnail'><figure class='gallery-item'>\n\t\t\t<div class='gallery-icon landscape'>\n\t\t\t\t<a href='https:\/\/www.cmc.mg.gov.br\/?attachment_id=697'><img loading=\"lazy\" decoding=\"async\" width=\"150\" height=\"150\" src=\"https:\/\/www.cmc.mg.gov.br\/wordpress\/wp-content\/uploads\/2014\/05\/14-05-05-T\u00edtulo-Eduardo-Campos-Foto-Leandro-Perch\u00e9-641-150x150.jpg\" class=\"attachment-thumbnail size-thumbnail\" alt=\"\" srcset=\"https:\/\/www.cmc.mg.gov.br\/wordpress\/wp-content\/uploads\/2014\/05\/14-05-05-T\u00edtulo-Eduardo-Campos-Foto-Leandro-Perch\u00e9-641-150x150.jpg 150w, https:\/\/www.cmc.mg.gov.br\/wordpress\/wp-content\/uploads\/2014\/05\/14-05-05-T\u00edtulo-Eduardo-Campos-Foto-Leandro-Perch\u00e9-641-90x90.jpg 90w\" sizes=\"auto, (max-width: 150px) 100vw, 150px\" \/><\/a>\n\t\t\t<\/div><\/figure><figure class='gallery-item'>\n\t\t\t<div class='gallery-icon landscape'>\n\t\t\t\t<a href='https:\/\/www.cmc.mg.gov.br\/?attachment_id=687'><img loading=\"lazy\" decoding=\"async\" width=\"150\" height=\"150\" src=\"https:\/\/www.cmc.mg.gov.br\/wordpress\/wp-content\/uploads\/2014\/05\/14-05-05-T\u00edtulo-Eduardo-Campos-Foto-Leandro-Perch\u00e9-67-150x150.jpg\" class=\"attachment-thumbnail size-thumbnail\" alt=\"\" srcset=\"https:\/\/www.cmc.mg.gov.br\/wordpress\/wp-content\/uploads\/2014\/05\/14-05-05-T\u00edtulo-Eduardo-Campos-Foto-Leandro-Perch\u00e9-67-150x150.jpg 150w, https:\/\/www.cmc.mg.gov.br\/wordpress\/wp-content\/uploads\/2014\/05\/14-05-05-T\u00edtulo-Eduardo-Campos-Foto-Leandro-Perch\u00e9-67-90x90.jpg 90w\" sizes=\"auto, (max-width: 150px) 100vw, 150px\" \/><\/a>\n\t\t\t<\/div><\/figure><figure class='gallery-item'>\n\t\t\t<div class='gallery-icon landscape'>\n\t\t\t\t<a href='https:\/\/www.cmc.mg.gov.br\/?attachment_id=685'><img loading=\"lazy\" decoding=\"async\" width=\"150\" height=\"150\" src=\"https:\/\/www.cmc.mg.gov.br\/wordpress\/wp-content\/uploads\/2014\/05\/14-05-05-T\u00edtulo-Eduardo-Campos-Foto-Leandro-Perch\u00e9-47-150x150.jpg\" class=\"attachment-thumbnail size-thumbnail\" alt=\"\" srcset=\"https:\/\/www.cmc.mg.gov.br\/wordpress\/wp-content\/uploads\/2014\/05\/14-05-05-T\u00edtulo-Eduardo-Campos-Foto-Leandro-Perch\u00e9-47-150x150.jpg 150w, https:\/\/www.cmc.mg.gov.br\/wordpress\/wp-content\/uploads\/2014\/05\/14-05-05-T\u00edtulo-Eduardo-Campos-Foto-Leandro-Perch\u00e9-47-90x90.jpg 90w\" sizes=\"auto, (max-width: 150px) 100vw, 150px\" \/><\/a>\n\t\t\t<\/div><\/figure><figure class='gallery-item'>\n\t\t\t<div class='gallery-icon landscape'>\n\t\t\t\t<a href='https:\/\/www.cmc.mg.gov.br\/?attachment_id=684'><img loading=\"lazy\" decoding=\"async\" width=\"150\" height=\"150\" src=\"https:\/\/www.cmc.mg.gov.br\/wordpress\/wp-content\/uploads\/2014\/05\/14-05-05-T\u00edtulo-Eduardo-Campos-Foto-Leandro-Perch\u00e9-43-150x150.jpg\" class=\"attachment-thumbnail size-thumbnail\" alt=\"\" srcset=\"https:\/\/www.cmc.mg.gov.br\/wordpress\/wp-content\/uploads\/2014\/05\/14-05-05-T\u00edtulo-Eduardo-Campos-Foto-Leandro-Perch\u00e9-43-150x150.jpg 150w, https:\/\/www.cmc.mg.gov.br\/wordpress\/wp-content\/uploads\/2014\/05\/14-05-05-T\u00edtulo-Eduardo-Campos-Foto-Leandro-Perch\u00e9-43-90x90.jpg 90w\" sizes=\"auto, (max-width: 150px) 100vw, 150px\" \/><\/a>\n\t\t\t<\/div><\/figure><figure class='gallery-item'>\n\t\t\t<div class='gallery-icon landscape'>\n\t\t\t\t<a href='https:\/\/www.cmc.mg.gov.br\/?attachment_id=683'><img loading=\"lazy\" decoding=\"async\" width=\"150\" height=\"150\" src=\"https:\/\/www.cmc.mg.gov.br\/wordpress\/wp-content\/uploads\/2014\/05\/14-05-05-T\u00edtulo-Eduardo-Campos-Foto-Leandro-Perch\u00e9-34-150x150.jpg\" class=\"attachment-thumbnail size-thumbnail\" alt=\"\" srcset=\"https:\/\/www.cmc.mg.gov.br\/wordpress\/wp-content\/uploads\/2014\/05\/14-05-05-T\u00edtulo-Eduardo-Campos-Foto-Leandro-Perch\u00e9-34-150x150.jpg 150w, https:\/\/www.cmc.mg.gov.br\/wordpress\/wp-content\/uploads\/2014\/05\/14-05-05-T\u00edtulo-Eduardo-Campos-Foto-Leandro-Perch\u00e9-34-90x90.jpg 90w\" sizes=\"auto, (max-width: 150px) 100vw, 150px\" \/><\/a>\n\t\t\t<\/div><\/figure><figure class='gallery-item'>\n\t\t\t<div class='gallery-icon landscape'>\n\t\t\t\t<a href='https:\/\/www.cmc.mg.gov.br\/?attachment_id=688'><img loading=\"lazy\" decoding=\"async\" width=\"150\" height=\"150\" src=\"https:\/\/www.cmc.mg.gov.br\/wordpress\/wp-content\/uploads\/2014\/05\/14-05-05-T\u00edtulo-Eduardo-Campos-Foto-Leandro-Perch\u00e9-75-150x150.jpg\" class=\"attachment-thumbnail size-thumbnail\" alt=\"\" srcset=\"https:\/\/www.cmc.mg.gov.br\/wordpress\/wp-content\/uploads\/2014\/05\/14-05-05-T\u00edtulo-Eduardo-Campos-Foto-Leandro-Perch\u00e9-75-150x150.jpg 150w, https:\/\/www.cmc.mg.gov.br\/wordpress\/wp-content\/uploads\/2014\/05\/14-05-05-T\u00edtulo-Eduardo-Campos-Foto-Leandro-Perch\u00e9-75-90x90.jpg 90w\" sizes=\"auto, (max-width: 150px) 100vw, 150px\" \/><\/a>\n\t\t\t<\/div><\/figure><figure class='gallery-item'>\n\t\t\t<div class='gallery-icon landscape'>\n\t\t\t\t<a href='https:\/\/www.cmc.mg.gov.br\/?attachment_id=689'><img loading=\"lazy\" decoding=\"async\" width=\"150\" height=\"150\" src=\"https:\/\/www.cmc.mg.gov.br\/wordpress\/wp-content\/uploads\/2014\/05\/14-05-05-T\u00edtulo-Eduardo-Campos-Foto-Leandro-Perch\u00e9-80-150x150.jpg\" class=\"attachment-thumbnail size-thumbnail\" alt=\"\" srcset=\"https:\/\/www.cmc.mg.gov.br\/wordpress\/wp-content\/uploads\/2014\/05\/14-05-05-T\u00edtulo-Eduardo-Campos-Foto-Leandro-Perch\u00e9-80-150x150.jpg 150w, https:\/\/www.cmc.mg.gov.br\/wordpress\/wp-content\/uploads\/2014\/05\/14-05-05-T\u00edtulo-Eduardo-Campos-Foto-Leandro-Perch\u00e9-80-90x90.jpg 90w\" sizes=\"auto, (max-width: 150px) 100vw, 150px\" \/><\/a>\n\t\t\t<\/div><\/figure><figure class='gallery-item'>\n\t\t\t<div class='gallery-icon landscape'>\n\t\t\t\t<a href='https:\/\/www.cmc.mg.gov.br\/?attachment_id=690'><img loading=\"lazy\" decoding=\"async\" width=\"150\" height=\"150\" src=\"https:\/\/www.cmc.mg.gov.br\/wordpress\/wp-content\/uploads\/2014\/05\/14-05-05-T\u00edtulo-Eduardo-Campos-Foto-Leandro-Perch\u00e9-81-150x150.jpg\" class=\"attachment-thumbnail size-thumbnail\" alt=\"\" srcset=\"https:\/\/www.cmc.mg.gov.br\/wordpress\/wp-content\/uploads\/2014\/05\/14-05-05-T\u00edtulo-Eduardo-Campos-Foto-Leandro-Perch\u00e9-81-150x150.jpg 150w, https:\/\/www.cmc.mg.gov.br\/wordpress\/wp-content\/uploads\/2014\/05\/14-05-05-T\u00edtulo-Eduardo-Campos-Foto-Leandro-Perch\u00e9-81-90x90.jpg 90w\" sizes=\"auto, (max-width: 150px) 100vw, 150px\" \/><\/a>\n\t\t\t<\/div><\/figure><figure class='gallery-item'>\n\t\t\t<div class='gallery-icon landscape'>\n\t\t\t\t<a href='https:\/\/www.cmc.mg.gov.br\/?attachment_id=691'><img loading=\"lazy\" decoding=\"async\" width=\"150\" height=\"150\" src=\"https:\/\/www.cmc.mg.gov.br\/wordpress\/wp-content\/uploads\/2014\/05\/14-05-05-T\u00edtulo-Eduardo-Campos-Foto-Leandro-Perch\u00e9-88-150x150.jpg\" class=\"attachment-thumbnail size-thumbnail\" alt=\"\" srcset=\"https:\/\/www.cmc.mg.gov.br\/wordpress\/wp-content\/uploads\/2014\/05\/14-05-05-T\u00edtulo-Eduardo-Campos-Foto-Leandro-Perch\u00e9-88-150x150.jpg 150w, https:\/\/www.cmc.mg.gov.br\/wordpress\/wp-content\/uploads\/2014\/05\/14-05-05-T\u00edtulo-Eduardo-Campos-Foto-Leandro-Perch\u00e9-88-90x90.jpg 90w\" sizes=\"auto, (max-width: 150px) 100vw, 150px\" \/><\/a>\n\t\t\t<\/div><\/figure><figure class='gallery-item'>\n\t\t\t<div class='gallery-icon landscape'>\n\t\t\t\t<a href='https:\/\/www.cmc.mg.gov.br\/?attachment_id=692'><img loading=\"lazy\" decoding=\"async\" width=\"150\" height=\"150\" src=\"https:\/\/www.cmc.mg.gov.br\/wordpress\/wp-content\/uploads\/2014\/05\/14-05-05-T\u00edtulo-Eduardo-Campos-Foto-Leandro-Perch\u00e9-95-150x150.jpg\" class=\"attachment-thumbnail size-thumbnail\" alt=\"\" srcset=\"https:\/\/www.cmc.mg.gov.br\/wordpress\/wp-content\/uploads\/2014\/05\/14-05-05-T\u00edtulo-Eduardo-Campos-Foto-Leandro-Perch\u00e9-95-150x150.jpg 150w, https:\/\/www.cmc.mg.gov.br\/wordpress\/wp-content\/uploads\/2014\/05\/14-05-05-T\u00edtulo-Eduardo-Campos-Foto-Leandro-Perch\u00e9-95-90x90.jpg 90w\" sizes=\"auto, (max-width: 150px) 100vw, 150px\" \/><\/a>\n\t\t\t<\/div><\/figure><figure class='gallery-item'>\n\t\t\t<div class='gallery-icon landscape'>\n\t\t\t\t<a href='https:\/\/www.cmc.mg.gov.br\/?attachment_id=693'><img loading=\"lazy\" decoding=\"async\" width=\"150\" height=\"150\" src=\"https:\/\/www.cmc.mg.gov.br\/wordpress\/wp-content\/uploads\/2014\/05\/14-05-05-T\u00edtulo-Eduardo-Campos-Foto-Leandro-Perch\u00e9-103-150x150.jpg\" class=\"attachment-thumbnail size-thumbnail\" alt=\"\" srcset=\"https:\/\/www.cmc.mg.gov.br\/wordpress\/wp-content\/uploads\/2014\/05\/14-05-05-T\u00edtulo-Eduardo-Campos-Foto-Leandro-Perch\u00e9-103-150x150.jpg 150w, https:\/\/www.cmc.mg.gov.br\/wordpress\/wp-content\/uploads\/2014\/05\/14-05-05-T\u00edtulo-Eduardo-Campos-Foto-Leandro-Perch\u00e9-103-90x90.jpg 90w\" sizes=\"auto, (max-width: 150px) 100vw, 150px\" \/><\/a>\n\t\t\t<\/div><\/figure><figure class='gallery-item'>\n\t\t\t<div class='gallery-icon landscape'>\n\t\t\t\t<a href='https:\/\/www.cmc.mg.gov.br\/?attachment_id=680'><img loading=\"lazy\" decoding=\"async\" width=\"150\" height=\"150\" src=\"https:\/\/www.cmc.mg.gov.br\/wordpress\/wp-content\/uploads\/2014\/05\/14-05-05-T\u00edtulo-Eduardo-Campos-Foto-Leandro-Perch\u00e9-3-150x150.jpg\" class=\"attachment-thumbnail size-thumbnail\" alt=\"\" srcset=\"https:\/\/www.cmc.mg.gov.br\/wordpress\/wp-content\/uploads\/2014\/05\/14-05-05-T\u00edtulo-Eduardo-Campos-Foto-Leandro-Perch\u00e9-3-150x150.jpg 150w, https:\/\/www.cmc.mg.gov.br\/wordpress\/wp-content\/uploads\/2014\/05\/14-05-05-T\u00edtulo-Eduardo-Campos-Foto-Leandro-Perch\u00e9-3-90x90.jpg 90w\" sizes=\"auto, (max-width: 150px) 100vw, 150px\" \/><\/a>\n\t\t\t<\/div><\/figure><figure class='gallery-item'>\n\t\t\t<div class='gallery-icon landscape'>\n\t\t\t\t<a href='https:\/\/www.cmc.mg.gov.br\/?attachment_id=681'><img loading=\"lazy\" decoding=\"async\" width=\"150\" height=\"150\" src=\"https:\/\/www.cmc.mg.gov.br\/wordpress\/wp-content\/uploads\/2014\/05\/14-05-05-T\u00edtulo-Eduardo-Campos-Foto-Leandro-Perch\u00e9-11-150x150.jpg\" class=\"attachment-thumbnail size-thumbnail\" alt=\"\" srcset=\"https:\/\/www.cmc.mg.gov.br\/wordpress\/wp-content\/uploads\/2014\/05\/14-05-05-T\u00edtulo-Eduardo-Campos-Foto-Leandro-Perch\u00e9-11-150x150.jpg 150w, https:\/\/www.cmc.mg.gov.br\/wordpress\/wp-content\/uploads\/2014\/05\/14-05-05-T\u00edtulo-Eduardo-Campos-Foto-Leandro-Perch\u00e9-11-90x90.jpg 90w\" sizes=\"auto, (max-width: 150px) 100vw, 150px\" \/><\/a>\n\t\t\t<\/div><\/figure><figure class='gallery-item'>\n\t\t\t<div class='gallery-icon landscape'>\n\t\t\t\t<a href='https:\/\/www.cmc.mg.gov.br\/?attachment_id=682'><img loading=\"lazy\" decoding=\"async\" width=\"150\" height=\"150\" src=\"https:\/\/www.cmc.mg.gov.br\/wordpress\/wp-content\/uploads\/2014\/05\/14-05-05-T\u00edtulo-Eduardo-Campos-Foto-Leandro-Perch\u00e9-18-150x150.jpg\" class=\"attachment-thumbnail size-thumbnail\" alt=\"\" srcset=\"https:\/\/www.cmc.mg.gov.br\/wordpress\/wp-content\/uploads\/2014\/05\/14-05-05-T\u00edtulo-Eduardo-Campos-Foto-Leandro-Perch\u00e9-18-150x150.jpg 150w, https:\/\/www.cmc.mg.gov.br\/wordpress\/wp-content\/uploads\/2014\/05\/14-05-05-T\u00edtulo-Eduardo-Campos-Foto-Leandro-Perch\u00e9-18-90x90.jpg 90w\" sizes=\"auto, (max-width: 150px) 100vw, 150px\" \/><\/a>\n\t\t\t<\/div><\/figure><figure class='gallery-item'>\n\t\t\t<div class='gallery-icon landscape'>\n\t\t\t\t<a href='https:\/\/www.cmc.mg.gov.br\/?attachment_id=694'><img loading=\"lazy\" decoding=\"async\" width=\"150\" height=\"150\" src=\"https:\/\/www.cmc.mg.gov.br\/wordpress\/wp-content\/uploads\/2014\/05\/14-05-05-T\u00edtulo-Eduardo-Campos-Foto-Leandro-Perch\u00e9-107-150x150.jpg\" class=\"attachment-thumbnail size-thumbnail\" alt=\"\" srcset=\"https:\/\/www.cmc.mg.gov.br\/wordpress\/wp-content\/uploads\/2014\/05\/14-05-05-T\u00edtulo-Eduardo-Campos-Foto-Leandro-Perch\u00e9-107-150x150.jpg 150w, https:\/\/www.cmc.mg.gov.br\/wordpress\/wp-content\/uploads\/2014\/05\/14-05-05-T\u00edtulo-Eduardo-Campos-Foto-Leandro-Perch\u00e9-107-90x90.jpg 90w\" sizes=\"auto, (max-width: 150px) 100vw, 150px\" \/><\/a>\n\t\t\t<\/div><\/figure><figure class='gallery-item'>\n\t\t\t<div class='gallery-icon landscape'>\n\t\t\t\t<a href='https:\/\/www.cmc.mg.gov.br\/?attachment_id=695'><img loading=\"lazy\" decoding=\"async\" width=\"150\" height=\"150\" src=\"https:\/\/www.cmc.mg.gov.br\/wordpress\/wp-content\/uploads\/2014\/05\/14-05-05-T\u00edtulo-Eduardo-Campos-Foto-Leandro-Perch\u00e9-108-150x150.jpg\" class=\"attachment-thumbnail size-thumbnail\" alt=\"\" srcset=\"https:\/\/www.cmc.mg.gov.br\/wordpress\/wp-content\/uploads\/2014\/05\/14-05-05-T\u00edtulo-Eduardo-Campos-Foto-Leandro-Perch\u00e9-108-150x150.jpg 150w, https:\/\/www.cmc.mg.gov.br\/wordpress\/wp-content\/uploads\/2014\/05\/14-05-05-T\u00edtulo-Eduardo-Campos-Foto-Leandro-Perch\u00e9-108-90x90.jpg 90w\" sizes=\"auto, (max-width: 150px) 100vw, 150px\" \/><\/a>\n\t\t\t<\/div><\/figure>\n\t\t<\/div>\n\n","protected":false},"excerpt":{"rendered":"<p>O ex-governador de Pernambuco e pr\u00e9-candidato ao Governo Federal, Eduardo Campos (PSB), recebeu o t\u00edtulo de Cidadania Honor\u00e1ria de Contagem nesta segunda-feira (05). O projeto de resolu\u00e7\u00e3o que outorgou o t\u00edtulo ao ex-governador \u00e9 de autoria dos vereadores\u00a0Fredim\u00a0(PROS) e\u00a0Caxic\u00f3\u00a0(PPS). Na ocasi\u00e3o, foi empossada a Diretoria Executiva do PSB em Contagem. Fotos: Leandro Perch\u00e9.<\/p>\n","protected":false},"author":2,"featured_media":698,"comment_status":"open","ping_status":"open","sticky":false,"template":"","format":"standard","meta":{"_exactmetrics_skip_tracking":false,"_exactmetrics_sitenote_active":false,"_exactmetrics_sitenote_note":"","_exactmetrics_sitenote_category":0,"footnotes":""},"categories":[8,32],"tags":[],"class_list":["post-699","post","type-post","status-publish","format-standard","has-post-thumbnail","hentry","category-camara","category-galeria-de-fotos"],"_links":{"self":[{"href":"https:\/\/www.cmc.mg.gov.br\/index.php?rest_route=\/wp\/v2\/posts\/699","targetHints":{"allow":["GET"]}}],"collection":[{"href":"https:\/\/www.cmc.mg.gov.br\/index.php?rest_route=\/wp\/v2\/posts"}],"about":[{"href":"https:\/\/www.cmc.mg.gov.br\/index.php?rest_route=\/wp\/v2\/types\/post"}],"author":[{"embeddable":true,"href":"https:\/\/www.cmc.mg.gov.br\/index.php?rest_route=\/wp\/v2\/users\/2"}],"replies":[{"embeddable":true,"href":"https:\/\/www.cmc.mg.gov.br\/index.php?rest_route=%2Fwp%2Fv2%2Fcomments&post=699"}],"version-history":[{"count":3,"href":"https:\/\/www.cmc.mg.gov.br\/index.php?rest_route=\/wp\/v2\/posts\/699\/revisions"}],"predecessor-version":[{"id":1297,"href":"https:\/\/www.cmc.mg.gov.br\/index.php?rest_route=\/wp\/v2\/posts\/699\/revisions\/1297"}],"wp:featuredmedia":[{"embeddable":true,"href":"https:\/\/www.cmc.mg.gov.br\/index.php?rest_route=\/wp\/v2\/media\/698"}],"wp:attachment":[{"href":"https:\/\/www.cmc.mg.gov.br\/index.php?rest_route=%2Fwp%2Fv2%2Fmedia&parent=699"}],"wp:term":[{"taxonomy":"category","embeddable":true,"href":"https:\/\/www.cmc.mg.gov.br\/index.php?rest_route=%2Fwp%2Fv2%2Fcategories&post=699"},{"taxonomy":"post_tag","embeddable":true,"href":"https:\/\/www.cmc.mg.gov.br\/index.php?rest_route=%2Fwp%2Fv2%2Ftags&post=699"}],"curies":[{"name":"wp","href":"https:\/\/api.w.org\/{rel}","templated":true}]}}