
{"id":710,"date":"2014-04-25T14:37:56","date_gmt":"2014-04-25T17:37:56","guid":{"rendered":"http:\/\/novosite.cmc.mg.gov.br\/?p=710"},"modified":"2014-05-08T16:13:14","modified_gmt":"2014-05-08T19:13:14","slug":"camara-condecora-cidadaos-e-instituicoes-importantes-para-o-desenvolvimento-de-contagem","status":"publish","type":"post","link":"https:\/\/www.cmc.mg.gov.br\/?p=710","title":{"rendered":"C\u00e2mara condecora cidad\u00e3os e institui\u00e7\u00f5es importantes para o desenvolvimento de Contagem"},"content":{"rendered":"<p>Em solenidade realizada na \u00faltima quinta-feira (24), o Legislativo de Contagem reconheceu e homenageou nove pessoas e duas institui\u00e7\u00f5es que contribuem para o crescimento e desenvolvimento do Munic\u00edpio. Centenas de pessoas, entre autoridades, amigos e familiares dos homenageados, prestigiaram o evento.<\/p>\n<p>Foram condecorados com o T\u00edtulo de Cidadania Honor\u00e1ria de Contagem: Gamaliel Herval, Juarez de Moura, Weber Americano, Dani Morais, Ronaldo Figueiredo Lages, Geraldo Paraguai e Walder Nascimento Vieira. A Drogaria Nova Contagem e o Pastor Daniel Lopes de Paula receberam a Honra ao M\u00e9rito. O diploma de M\u00e9rito Desportivo foi entregue para o Estaleiro Esporte Clube e para Wander do Prado Moura.<\/p>\n<p>Antes da condecora\u00e7\u00e3o, o discurso de agraciamento emocionou a todos, ressaltando a import\u00e2ncia dos t\u00edtulos e as qualidades que fizeram de cada homenageado merecedor da honraria. &#8220;Voc\u00eas, nobres agraciados, correram atr\u00e1s de seus sonhos, n\u00e3o cruzaram os bra\u00e7os, foram \u00e0 luta com criatividade e absoluto dom\u00ednio da profiss\u00e3o, pois sempre enfrentaram os desafios sem arrog\u00e2ncia, com compet\u00eancia e estilo pr\u00f3prio, habilitando-os \u00e0 honraria que agora s\u00e3o agraciados&#8221;.<\/p>\n<p>Ao receber o diploma, cada condecorado discursou, ressaltando a felicidade e a honra em ter seus esfor\u00e7os reconhecidos. Em seguida, o deputado Newton Cardoso e o vice-prefeito de Contagem pontuaram a necessidade de se reconhecer cidad\u00e3os e institui\u00e7\u00f5es que engrandecem a cidade. &#8220;Hoje \u00e9 um dia que temos que parabenizar esses agraciados, pois eles deram de si, antes de pensar em si. Estou representando o prefeito Carlin Moura, que est\u00e1 em outra agenda e me pediu para dizer que ele n\u00e3o estaria aqui fisicamente, mas em pensamento e cora\u00e7\u00e3o&#8221;, disse Jo\u00e3o Guedes Vieira.<\/p>\n<p>O presidente da C\u00e2mara, vereador Gil Ant\u00f4nio Diniz &#8211; Teteco (PMDB), encerrou a solenidade, parabenizando os agraciados e os agradecendo pelos grandes servi\u00e7os prestados em favor do Munic\u00edpio. &#8220;Voc\u00eas, nobres homenageados, fizeram e fazem hist\u00f3ria em nossa cidade, deixando marcas inesquec\u00edveis, dignas de receberem o nosso sincero agradecimento. Dessa forma, a C\u00e2mara Municipal de Contagem se alegra nesta noite de festa em homenagear t\u00e3o ilustres cidad\u00e3os&#8221;, concluiu.<\/p>\n<p><strong>Cidadania Honor\u00e1ria<\/strong><\/p>\n<p>&#8211; Dr. Gamaliel Herval &#8211; Resolu\u00e7\u00e3o 049\/2013<br \/>\n&#8211; Juarez de Moura &#8211; Resolu\u00e7\u00e3o 042\/2013<br \/>\n&#8211; Dr. Weber Americano &#8211; Resolu\u00e7\u00e3o 003\/2014<br \/>\nProjetos de autoria do Vereador Presidente, Gil Ant\u00f4nio Diniz &#8211; Teteco<\/p>\n<p>&#8211; Cantora Dani Morais &#8211; Resolu\u00e7\u00e3o 032\/2012<br \/>\n&#8211; Ronaldo Figueiredo Lages &#8211; Resolu\u00e7\u00e3o 034\/2012<br \/>\nProjetos de autoria do Vereador Professor Irineu In\u00e1cio da Silva<\/p>\n<p>&#8211; Geraldo Gomes Paraguai &#8211; Resolu\u00e7\u00e3o 034\/2013<br \/>\n&#8211; Walder Nascimento Vieira &#8211; Resolu\u00e7\u00e3o 004\/2014<br \/>\nProjetos de autoria do Vereador Rodinei Ferreira Dias<\/p>\n<p><strong>Honra ao M\u00e9rito<\/strong><\/p>\n<p>&#8211; Pastor Daniel Lopes de Paula &#8211; Resolu\u00e7\u00e3o 040\/2013<br \/>\n&#8211; Drogaria Nova Contagem &#8211; Resolu\u00e7\u00e3o 035\/2013<br \/>\nProjetos de autoria do Vereador Rodinei Ferreira Dias<\/p>\n<p><strong>M\u00e9rito Desportivo<\/strong><\/p>\n<p>&#8211; Estaleiro Esporte Clube &#8211; Resolu\u00e7\u00e3o 036\/2013<br \/>\n&#8211; Wander do Prado Moura &#8211; Resolu\u00e7\u00e3o 039\/2013<br \/>\nProjetos de autoria do Vereador Rodinei Ferreira Dias<\/p>\n<ul>\n<li>Confira as imagens do evento na <a href=\"http:\/\/novosite.cmc.mg.gov.br\/?p=760\">Galeria de Fotos<\/a>.<\/li>\n<\/ul>\n","protected":false},"excerpt":{"rendered":"<p>Em solenidade realizada na \u00faltima quinta-feira (24), o Legislativo de Contagem reconheceu e homenageou nove pessoas e duas institui\u00e7\u00f5es que contribuem para o crescimento e desenvolvimento do Munic\u00edpio. Centenas de pessoas, entre autoridades, amigos e familiares dos homenageados, prestigiaram o evento. Foram condecorados com o T\u00edtulo de Cidadania Honor\u00e1ria de Contagem: Gamaliel Herval, Juarez de &hellip; <a href=\"https:\/\/www.cmc.mg.gov.br\/?p=710\" class=\"more-link\">Continue lendo <span class=\"screen-reader-text\">C\u00e2mara condecora cidad\u00e3os e institui\u00e7\u00f5es importantes para o desenvolvimento de Contagem<\/span> <span class=\"meta-nav\">&rarr;<\/span><\/a><\/p>\n","protected":false},"author":3,"featured_media":711,"comment_status":"open","ping_status":"open","sticky":false,"template":"","format":"standard","meta":{"_exactmetrics_skip_tracking":false,"_exactmetrics_sitenote_active":false,"_exactmetrics_sitenote_note":"","_exactmetrics_sitenote_category":0,"footnotes":""},"categories":[11,24,27],"tags":[],"class_list":["post-710","post","type-post","status-publish","format-standard","has-post-thumbnail","hentry","category-eventos","category-eventos-institucionais","category-noticias"],"_links":{"self":[{"href":"https:\/\/www.cmc.mg.gov.br\/index.php?rest_route=\/wp\/v2\/posts\/710","targetHints":{"allow":["GET"]}}],"collection":[{"href":"https:\/\/www.cmc.mg.gov.br\/index.php?rest_route=\/wp\/v2\/posts"}],"about":[{"href":"https:\/\/www.cmc.mg.gov.br\/index.php?rest_route=\/wp\/v2\/types\/post"}],"author":[{"embeddable":true,"href":"https:\/\/www.cmc.mg.gov.br\/index.php?rest_route=\/wp\/v2\/users\/3"}],"replies":[{"embeddable":true,"href":"https:\/\/www.cmc.mg.gov.br\/index.php?rest_route=%2Fwp%2Fv2%2Fcomments&post=710"}],"version-history":[{"count":2,"href":"https:\/\/www.cmc.mg.gov.br\/index.php?rest_route=\/wp\/v2\/posts\/710\/revisions"}],"predecessor-version":[{"id":792,"href":"https:\/\/www.cmc.mg.gov.br\/index.php?rest_route=\/wp\/v2\/posts\/710\/revisions\/792"}],"wp:featuredmedia":[{"embeddable":true,"href":"https:\/\/www.cmc.mg.gov.br\/index.php?rest_route=\/wp\/v2\/media\/711"}],"wp:attachment":[{"href":"https:\/\/www.cmc.mg.gov.br\/index.php?rest_route=%2Fwp%2Fv2%2Fmedia&parent=710"}],"wp:term":[{"taxonomy":"category","embeddable":true,"href":"https:\/\/www.cmc.mg.gov.br\/index.php?rest_route=%2Fwp%2Fv2%2Fcategories&post=710"},{"taxonomy":"post_tag","embeddable":true,"href":"https:\/\/www.cmc.mg.gov.br\/index.php?rest_route=%2Fwp%2Fv2%2Ftags&post=710"}],"curies":[{"name":"wp","href":"https:\/\/api.w.org\/{rel}","templated":true}]}}