
{"id":7690,"date":"2017-05-11T15:04:21","date_gmt":"2017-05-11T18:04:21","guid":{"rendered":"http:\/\/www.cmc.mg.gov.br\/?p=7690"},"modified":"2017-05-11T15:04:21","modified_gmt":"2017-05-11T18:04:21","slug":"colegio-novos-tempos-recebe-visita-do-cartunista-ziraldo","status":"publish","type":"post","link":"https:\/\/www.cmc.mg.gov.br\/?p=7690","title":{"rendered":"Col\u00e9gio Novos Tempos recebe visita do cartunista Ziraldo"},"content":{"rendered":"<p style=\"text-align: justify;\">O primeiro secret\u00e1rio da C\u00e2mara Municipal de Contagem, vereador <a href=\"http:\/\/legislativo.cmc.mg.gov.br\/sapl\/sapl\/consultas\/parlamentar\/parlamentar_mostrar_proc?cod_parlamentar=27\" target=\"_blank\" rel=\"noopener noreferrer\">Capit\u00e3o Fontes<\/a> (PMDB), representou o Legislativo no Instituto Educacional Novos Tempos na tarde desta quarta-feira (10\/05). O motivo foi a visita do escritor e cartunista Ziraldo \u00e0 escola, que foi a ganhadora do concurso \u201cMaratona do Livro Infantil \u2013 Uma Aventura Muito Maluquinha\u201d.<\/p>\n<p style=\"text-align: justify;\">O concurso foi realizado pela \u201c\u00c1rvore de Livros\u201d, uma das maiores plataformas de livros digitais do Brasil, com o apoio da Editora Melhoramentos, e apadrinhado por Ziraldo. Em comemora\u00e7\u00e3o ao m\u00eas do livro infantil, a maratona foi aberta \u00e0s turmas do 5\u00ba ano de todas as escolas do pa\u00eds e contou com centenas de institui\u00e7\u00f5es inscritas.<\/p>\n<figure id=\"attachment_7692\" aria-describedby=\"caption-attachment-7692\" style=\"width: 300px\" class=\"wp-caption alignright\"><a href=\"http:\/\/www.cmc.mg.gov.br\/wordpress\/wp-content\/uploads\/2017\/05\/cartaz.jpg\"><img loading=\"lazy\" decoding=\"async\" class=\"wp-image-7692 size-medium\" src=\"http:\/\/www.cmc.mg.gov.br\/wordpress\/wp-content\/uploads\/2017\/05\/cartaz-300x199.jpg\" alt=\"\" width=\"300\" height=\"199\" srcset=\"https:\/\/www.cmc.mg.gov.br\/wordpress\/wp-content\/uploads\/2017\/05\/cartaz-300x199.jpg 300w, https:\/\/www.cmc.mg.gov.br\/wordpress\/wp-content\/uploads\/2017\/05\/cartaz-768x509.jpg 768w, https:\/\/www.cmc.mg.gov.br\/wordpress\/wp-content\/uploads\/2017\/05\/cartaz.jpg 960w\" sizes=\"auto, (max-width: 300px) 100vw, 300px\" \/><\/a><figcaption id=\"caption-attachment-7692\" class=\"wp-caption-text\">O cartaz vencedor teve mais de 16 mil curtidas na rede social.<\/figcaption><\/figure>\n<p style=\"text-align: justify;\">Uma das etapas da maratona era garantir o engajamento nas redes sociais, conseguindo o maior n\u00famero poss\u00edvel de \u201ccurtidas\u201d no Facebook de um cartaz elaborado pelos alunos, cujo tema era \u201cImagina se o mundo fosse todo maluquinho\u201d. O cartaz dos alunos do Instituto Novos Tempos foi o mais curtido entre as institui\u00e7\u00f5es de ensino participantes da maratona e, como pr\u00eamio, a escola recebeu a visita do Ziraldo.<\/p>\n<p style=\"text-align: justify;\">Na quadra, centenas de crian\u00e7as aguardavam ansiosas a chegada do autor, que bateu um papo com os alunos, fez um desenho do Menino Maluquinho na parede da biblioteca da escola \u2013 denominada Biblioteca Ziraldo \u2013 e sorteou cinco livros de sua autoria.<\/p>\n<p style=\"text-align: justify;\"><a href=\"http:\/\/www.cmc.mg.gov.br\/wordpress\/wp-content\/uploads\/2017\/05\/IMG_1978-57.jpg\"><img loading=\"lazy\" decoding=\"async\" class=\"size-medium wp-image-7693 alignleft\" src=\"http:\/\/www.cmc.mg.gov.br\/wordpress\/wp-content\/uploads\/2017\/05\/IMG_1978-57-300x200.jpg\" alt=\"\" width=\"300\" height=\"200\" srcset=\"https:\/\/www.cmc.mg.gov.br\/wordpress\/wp-content\/uploads\/2017\/05\/IMG_1978-57-300x200.jpg 300w, https:\/\/www.cmc.mg.gov.br\/wordpress\/wp-content\/uploads\/2017\/05\/IMG_1978-57-768x512.jpg 768w, https:\/\/www.cmc.mg.gov.br\/wordpress\/wp-content\/uploads\/2017\/05\/IMG_1978-57-1024x683.jpg 1024w\" sizes=\"auto, (max-width: 300px) 100vw, 300px\" \/><\/a>Capit\u00e3o Fontes, que acompanhou todo o encontro, ficou impressionado com a dedica\u00e7\u00e3o da escola durante a maratona e parabenizou a dire\u00e7\u00e3o do Instituto Novos Tempos. \u201cFoi uma experi\u00eancia extremamente emocionante. Conhecer o Ziraldo e ver a alegria das crian\u00e7as fez desta tarde um momento muito especial\u201d, concluiu o vereador.<\/p>\n<p style=\"text-align: justify;\"><strong>Ziraldo: um g\u00eanio \u201cmaluquinho\u201d<\/strong><\/p>\n<p style=\"text-align: justify;\">Ziraldo Alves Pinto \u00e9 um \u201cmultiartista\u201d: cartunista, chargista, pintor, dramaturgo, caricaturista, escritor, cronista, desenhista, humorista, colunista e jornalista brasileiro. Atualmente, um dos mais conhecidos e aclamados escritores infantis do Brasil. \u00c9 o criador de personagens famosos, em especial o Menino Maluquinho, que nasceu como um livro, em 1980, e mais tarde foi adaptado para TV e cinema.<\/p>\n","protected":false},"excerpt":{"rendered":"<p>O primeiro secret\u00e1rio da C\u00e2mara Municipal de Contagem, vereador Capit\u00e3o Fontes (PMDB), representou o Legislativo no Instituto Educacional Novos Tempos na tarde desta quarta-feira (10\/05). O motivo foi a visita do escritor e cartunista Ziraldo \u00e0 escola, que foi a ganhadora do concurso \u201cMaratona do Livro Infantil \u2013 Uma Aventura Muito Maluquinha\u201d. O concurso foi &hellip; <a href=\"https:\/\/www.cmc.mg.gov.br\/?p=7690\" class=\"more-link\">Continue lendo <span class=\"screen-reader-text\">Col\u00e9gio Novos Tempos recebe visita do cartunista Ziraldo<\/span> <span class=\"meta-nav\">&rarr;<\/span><\/a><\/p>\n","protected":false},"author":2,"featured_media":7691,"comment_status":"open","ping_status":"open","sticky":false,"template":"","format":"standard","meta":{"_exactmetrics_skip_tracking":false,"_exactmetrics_sitenote_active":false,"_exactmetrics_sitenote_note":"","_exactmetrics_sitenote_category":0,"footnotes":""},"categories":[27],"tags":[],"class_list":["post-7690","post","type-post","status-publish","format-standard","has-post-thumbnail","hentry","category-noticias"],"_links":{"self":[{"href":"https:\/\/www.cmc.mg.gov.br\/index.php?rest_route=\/wp\/v2\/posts\/7690","targetHints":{"allow":["GET"]}}],"collection":[{"href":"https:\/\/www.cmc.mg.gov.br\/index.php?rest_route=\/wp\/v2\/posts"}],"about":[{"href":"https:\/\/www.cmc.mg.gov.br\/index.php?rest_route=\/wp\/v2\/types\/post"}],"author":[{"embeddable":true,"href":"https:\/\/www.cmc.mg.gov.br\/index.php?rest_route=\/wp\/v2\/users\/2"}],"replies":[{"embeddable":true,"href":"https:\/\/www.cmc.mg.gov.br\/index.php?rest_route=%2Fwp%2Fv2%2Fcomments&post=7690"}],"version-history":[{"count":1,"href":"https:\/\/www.cmc.mg.gov.br\/index.php?rest_route=\/wp\/v2\/posts\/7690\/revisions"}],"predecessor-version":[{"id":7694,"href":"https:\/\/www.cmc.mg.gov.br\/index.php?rest_route=\/wp\/v2\/posts\/7690\/revisions\/7694"}],"wp:featuredmedia":[{"embeddable":true,"href":"https:\/\/www.cmc.mg.gov.br\/index.php?rest_route=\/wp\/v2\/media\/7691"}],"wp:attachment":[{"href":"https:\/\/www.cmc.mg.gov.br\/index.php?rest_route=%2Fwp%2Fv2%2Fmedia&parent=7690"}],"wp:term":[{"taxonomy":"category","embeddable":true,"href":"https:\/\/www.cmc.mg.gov.br\/index.php?rest_route=%2Fwp%2Fv2%2Fcategories&post=7690"},{"taxonomy":"post_tag","embeddable":true,"href":"https:\/\/www.cmc.mg.gov.br\/index.php?rest_route=%2Fwp%2Fv2%2Ftags&post=7690"}],"curies":[{"name":"wp","href":"https:\/\/api.w.org\/{rel}","templated":true}]}}