
{"id":7772,"date":"2017-05-18T16:11:32","date_gmt":"2017-05-18T19:11:32","guid":{"rendered":"http:\/\/www.cmc.mg.gov.br\/?p=7772"},"modified":"2017-05-18T16:36:10","modified_gmt":"2017-05-18T19:36:10","slug":"eventos-sobre-politica-religiao-e-igualdade-racial-terao-apoio-da-camara-nos-proximos-dias","status":"publish","type":"post","link":"https:\/\/www.cmc.mg.gov.br\/?p=7772","title":{"rendered":"Eventos sobre pol\u00edtica, religi\u00e3o e igualdade racial ter\u00e3o apoio da C\u00e2mara nos pr\u00f3ximos dias"},"content":{"rendered":"<p style=\"text-align: justify;\">Preocupada em ser um espa\u00e7o de debate plural sobre temas diversos de interesse da sociedade, a C\u00e2mara Municipal de Contagem apoia, nos pr\u00f3ximos dias, a realiza\u00e7\u00e3o de tr\u00eas eventos que tratam de pol\u00edtica, terceiro setor, religi\u00e3o e igualdade racial.<\/p>\n<p style=\"text-align: justify;\"><strong>4\u00aa Marcha de Enfrentamento e Combate ao Racismo e \u00e0 Intoler\u00e2ncia Religiosa<\/strong><\/p>\n<p style=\"text-align: justify;\"><a href=\"http:\/\/www.cmc.mg.gov.br\/wordpress\/wp-content\/uploads\/2017\/05\/Enfrentamento-ao-Racismo.jpg\"><img loading=\"lazy\" decoding=\"async\" class=\"alignright size-medium wp-image-7776\" src=\"http:\/\/www.cmc.mg.gov.br\/wordpress\/wp-content\/uploads\/2017\/05\/Enfrentamento-ao-Racismo-300x169.jpg\" alt=\"\" width=\"300\" height=\"169\" srcset=\"https:\/\/www.cmc.mg.gov.br\/wordpress\/wp-content\/uploads\/2017\/05\/Enfrentamento-ao-Racismo-300x169.jpg 300w, https:\/\/www.cmc.mg.gov.br\/wordpress\/wp-content\/uploads\/2017\/05\/Enfrentamento-ao-Racismo.jpg 640w\" sizes=\"auto, (max-width: 300px) 100vw, 300px\" \/><\/a>Promovida pelo Conselho Municipal de Promo\u00e7\u00e3o da Igualdade Racial e pela Prefeitura de Contagem, por meio da Secretaria de Direitos Humanos e Cidadania e Coordenadoria de Promo\u00e7\u00e3o da Igualdade Racial, a caminhada ser\u00e1 realizada no pr\u00f3ximo s\u00e1bado (20), com objetivo de mobiliza\u00e7\u00e3o da sociedade para que haja maior reflex\u00e3o e conscientiza\u00e7\u00e3o sobre toda e qualquer forma de discrimina\u00e7\u00e3o. Com concentra\u00e7\u00e3o a partir das 8h na Pra\u00e7a Paulo Pinheiro Chagas, no Novo Eldorado, a marcha sai \u00e0s 9h em dire\u00e7\u00e3o \u00e0 Pra\u00e7a Iria Diniz. O evento contar\u00e1 com a participa\u00e7\u00e3o das comunidades quilombolas dos Arturos e Ciriacos, que far\u00e3o interven\u00e7\u00f5es culturais.<\/p>\n<p style=\"text-align: justify;\">Data: 20 de maio (s\u00e1bado)<br \/>\nHor\u00e1rio: 08 horas<br \/>\nLocal: Pra\u00e7a Paulo Pinheiro Chagas, Novo Eldorado<br \/>\nMais informa\u00e7\u00f5es: <a href=\"http:\/\/www.contagem.mg.gov.br\/?og=191282&amp;materia=885032\" target=\"_blank\" rel=\"noopener noreferrer\">site da Prefeitura de Contagem<\/a><\/p>\n<p style=\"text-align: justify;\"><strong>Palestra \u2013 Os desafios do novo marco regulat\u00f3rio do terceiro setor \u2013 \u201cO novo modelo de organiza\u00e7\u00e3o e participa\u00e7\u00e3o da sociedade civil\u201d<\/strong><\/p>\n<p style=\"text-align: justify;\"><a href=\"http:\/\/www.cmc.mg.gov.br\/wordpress\/wp-content\/uploads\/2017\/05\/Marco-regulat\u00f3rio-do-terceiro-setor.jpg\"><img loading=\"lazy\" decoding=\"async\" class=\"alignleft size-medium wp-image-7777\" src=\"http:\/\/www.cmc.mg.gov.br\/wordpress\/wp-content\/uploads\/2017\/05\/Marco-regulat\u00f3rio-do-terceiro-setor-300x171.jpg\" alt=\"\" width=\"300\" height=\"171\" srcset=\"https:\/\/www.cmc.mg.gov.br\/wordpress\/wp-content\/uploads\/2017\/05\/Marco-regulat\u00f3rio-do-terceiro-setor-300x171.jpg 300w, https:\/\/www.cmc.mg.gov.br\/wordpress\/wp-content\/uploads\/2017\/05\/Marco-regulat\u00f3rio-do-terceiro-setor-768x439.jpg 768w, https:\/\/www.cmc.mg.gov.br\/wordpress\/wp-content\/uploads\/2017\/05\/Marco-regulat\u00f3rio-do-terceiro-setor.jpg 994w\" sizes=\"auto, (max-width: 300px) 100vw, 300px\" \/><\/a>As Organiza\u00e7\u00f5es Sociais passam por um momento de transforma\u00e7\u00e3o, face \u00e0 mudan\u00e7a na legisla\u00e7\u00e3o e estrutura pol\u00edtica que regem as rela\u00e7\u00f5es com o poder p\u00fablico. Com o objetivo de preparar e capacitar as entidades em rela\u00e7\u00e3o \u00e0s novas regras impostas pelo marco regulat\u00f3rio, realizam esta palestra\/debate o Instituto Jur\u00eddico para Efetiva\u00e7\u00e3o da Cidadania (IJUCI), o N\u00facleo de Incentivo \u00e0 Cidadania (NIC) e o Instituto Mineiro de Cultura e Turismo (ICULT). A palestra ser\u00e1 ministrada pela Dra. Viviane Mayrink, mestre em Direito pela UFMG, Especialista em Gest\u00e3o Empresarial pela FGV e presidente da ONG Instituto Jur\u00eddico para Efetiva\u00e7\u00e3o da Cidadania.<\/p>\n<p style=\"text-align: justify;\">Data: 24 de maio (quarta-feira)<br \/>\nHor\u00e1rio: 19 horas<br \/>\nLocal: C\u00e2mara Municipal de Contagem<br \/>\nMais informa\u00e7\u00f5es: <a href=\"mailto:marcoregulatorio.orienta@hotmail.com\">marcoregulatorio.orienta@hotmail.com<\/a>.<\/p>\n<p style=\"text-align: justify;\"><strong>1\u00ba Semin\u00e1rio de Orienta\u00e7\u00e3o e Capacita\u00e7\u00e3o para L\u00edderes de Templos Religiosos<\/strong><\/p>\n<p style=\"text-align: justify;\"><a href=\"http:\/\/www.cmc.mg.gov.br\/wordpress\/wp-content\/uploads\/2017\/05\/Capacita\u00e7\u00e3o-para-L\u00edderes-de-Templos-Religiosos.jpg\"><img loading=\"lazy\" decoding=\"async\" class=\"alignright size-medium wp-image-7778\" src=\"http:\/\/www.cmc.mg.gov.br\/wordpress\/wp-content\/uploads\/2017\/05\/Capacita\u00e7\u00e3o-para-L\u00edderes-de-Templos-Religiosos-211x300.jpg\" alt=\"\" width=\"211\" height=\"300\" srcset=\"https:\/\/www.cmc.mg.gov.br\/wordpress\/wp-content\/uploads\/2017\/05\/Capacita\u00e7\u00e3o-para-L\u00edderes-de-Templos-Religiosos-211x300.jpg 211w, https:\/\/www.cmc.mg.gov.br\/wordpress\/wp-content\/uploads\/2017\/05\/Capacita\u00e7\u00e3o-para-L\u00edderes-de-Templos-Religiosos-768x1092.jpg 768w, https:\/\/www.cmc.mg.gov.br\/wordpress\/wp-content\/uploads\/2017\/05\/Capacita\u00e7\u00e3o-para-L\u00edderes-de-Templos-Religiosos-720x1024.jpg 720w, https:\/\/www.cmc.mg.gov.br\/wordpress\/wp-content\/uploads\/2017\/05\/Capacita\u00e7\u00e3o-para-L\u00edderes-de-Templos-Religiosos.jpg 900w\" sizes=\"auto, (max-width: 211px) 100vw, 211px\" \/><\/a>Idealizado e promovido pelo vereador Pastor Itamar (PRB), o Semin\u00e1rio ser\u00e1 realizado no plen\u00e1rio da C\u00e2mara Municipal na pr\u00f3xima quinta-feira, 25 de maio, a partir das 8h30. Contando com a parceria da Secretaria Municipal de Meio Ambiente e Sustentabilidade, tem o objetivo de aproximar os l\u00edderes de templos religiosos do Poder P\u00fablico (Semas), onde existem v\u00e1rias demandas contra as igrejas por motivos diversos.\u00a0Entre os temas a serem debatidos est\u00e3o Garantia e Restri\u00e7\u00f5es Constitucionais de Templos Religiosos; Localiza\u00e7\u00e3o de templos; Tr\u00e2nsito e Meio Ambiente; Liberdade de Culto X Legisla\u00e7\u00e3o Existente.\u00a0O Semin\u00e1rio pretende culminar numa proposta de um Termo de Ajustamento de Conduta que permita que v\u00e1rias igrejas sejam anistiadas de penalidades j\u00e1 aplicadas.<\/p>\n<p style=\"text-align: justify;\">Data: 25 de maio (quinta-feira)<br \/>\nHor\u00e1rio: 08h30 \u00e0s 12h30<br \/>\nLocal: C\u00e2mara Municipal de Contagem<\/p>\n","protected":false},"excerpt":{"rendered":"<p>Preocupada em ser um espa\u00e7o de debate plural sobre temas diversos de interesse da sociedade, a C\u00e2mara Municipal de Contagem apoia, nos pr\u00f3ximos dias, a realiza\u00e7\u00e3o de tr\u00eas eventos que tratam de pol\u00edtica, terceiro setor, religi\u00e3o e igualdade racial. 4\u00aa Marcha de Enfrentamento e Combate ao Racismo e \u00e0 Intoler\u00e2ncia Religiosa Promovida pelo Conselho Municipal &hellip; <a href=\"https:\/\/www.cmc.mg.gov.br\/?p=7772\" class=\"more-link\">Continue lendo <span class=\"screen-reader-text\">Eventos sobre pol\u00edtica, religi\u00e3o e igualdade racial ter\u00e3o apoio da C\u00e2mara nos pr\u00f3ximos dias<\/span> <span class=\"meta-nav\">&rarr;<\/span><\/a><\/p>\n","protected":false},"author":3,"featured_media":7773,"comment_status":"open","ping_status":"open","sticky":false,"template":"","format":"standard","meta":{"_exactmetrics_skip_tracking":false,"_exactmetrics_sitenote_active":false,"_exactmetrics_sitenote_note":"","_exactmetrics_sitenote_category":0,"footnotes":""},"categories":[11,27],"tags":[],"class_list":["post-7772","post","type-post","status-publish","format-standard","has-post-thumbnail","hentry","category-eventos","category-noticias"],"_links":{"self":[{"href":"https:\/\/www.cmc.mg.gov.br\/index.php?rest_route=\/wp\/v2\/posts\/7772","targetHints":{"allow":["GET"]}}],"collection":[{"href":"https:\/\/www.cmc.mg.gov.br\/index.php?rest_route=\/wp\/v2\/posts"}],"about":[{"href":"https:\/\/www.cmc.mg.gov.br\/index.php?rest_route=\/wp\/v2\/types\/post"}],"author":[{"embeddable":true,"href":"https:\/\/www.cmc.mg.gov.br\/index.php?rest_route=\/wp\/v2\/users\/3"}],"replies":[{"embeddable":true,"href":"https:\/\/www.cmc.mg.gov.br\/index.php?rest_route=%2Fwp%2Fv2%2Fcomments&post=7772"}],"version-history":[{"count":6,"href":"https:\/\/www.cmc.mg.gov.br\/index.php?rest_route=\/wp\/v2\/posts\/7772\/revisions"}],"predecessor-version":[{"id":7782,"href":"https:\/\/www.cmc.mg.gov.br\/index.php?rest_route=\/wp\/v2\/posts\/7772\/revisions\/7782"}],"wp:featuredmedia":[{"embeddable":true,"href":"https:\/\/www.cmc.mg.gov.br\/index.php?rest_route=\/wp\/v2\/media\/7773"}],"wp:attachment":[{"href":"https:\/\/www.cmc.mg.gov.br\/index.php?rest_route=%2Fwp%2Fv2%2Fmedia&parent=7772"}],"wp:term":[{"taxonomy":"category","embeddable":true,"href":"https:\/\/www.cmc.mg.gov.br\/index.php?rest_route=%2Fwp%2Fv2%2Fcategories&post=7772"},{"taxonomy":"post_tag","embeddable":true,"href":"https:\/\/www.cmc.mg.gov.br\/index.php?rest_route=%2Fwp%2Fv2%2Ftags&post=7772"}],"curies":[{"name":"wp","href":"https:\/\/api.w.org\/{rel}","templated":true}]}}