
{"id":7839,"date":"2017-05-24T16:20:17","date_gmt":"2017-05-24T19:20:17","guid":{"rendered":"http:\/\/www.cmc.mg.gov.br\/?p=7839"},"modified":"2017-05-24T16:57:48","modified_gmt":"2017-05-24T19:57:48","slug":"g7-contagem-apresenta-a-camara-caderno-de-propostas-para-desenvolvimento-do-municipio","status":"publish","type":"post","link":"https:\/\/www.cmc.mg.gov.br\/?p=7839","title":{"rendered":"G7 Contagem apresenta \u00e0 C\u00e2mara caderno de propostas para desenvolvimento do munic\u00edpio"},"content":{"rendered":"<p style=\"text-align: justify;\">A C\u00e2mara Municipal de Contagem recebeu, nesta ter\u00e7a-feira (23), a visita de representantes do G7 Contagem, grupo que re\u00fane sete entidades empresariais e representativas dos diversos setores da sociedade, com objetivo de constru\u00e7\u00e3o conjunta de uma agenda estrat\u00e9gica para o desenvolvimento econ\u00f4mico e social do munic\u00edpio.<\/p>\n<p style=\"text-align: justify;\">Integram o G7, o CIEMG (Centro Industrial e Empresarial de Minas Gerais), a ACIC (Associa\u00e7\u00e3o Comercial e Industrial de Contagem), o CDL Contagem (C\u00e2mara de Dirigentes Lojistas), a ACCEASA (Associa\u00e7\u00e3o Comercial da Ceasa-MG), a OAB &#8211; Subse\u00e7\u00e3o Contagem (Ordem dos Advogados do Brasil), o CREA Contagem (Conselho Regional de Engenharia e Agronomia de Minas Gerais), e o CRCMG (Conselho Regional de Contabilidade de Minas Gerais).<\/p>\n<p style=\"text-align: justify;\">O objetivo da visita foi apresentar o grupo para os vereadores de Contagem e entregar a eles um caderno de inten\u00e7\u00f5es, a\u00e7\u00f5es e propostas do G7 para a administra\u00e7\u00e3o municipal, visando pol\u00edticas para o desenvolvimento de Contagem. Sua principal solicita\u00e7\u00e3o \u00e9 pela cria\u00e7\u00e3o de um Conselho de Desenvolvimento Econ\u00f4mico e Social, e h\u00e1 propostas divididas por \u00e1reas tem\u00e1ticas, incluindo: desenvolvimento econ\u00f4mico e urbano, carga tribut\u00e1ria, mobilidade urbana, seguran\u00e7a, sa\u00fade, processos e outras demandas.<\/p>\n<p style=\"text-align: justify;\">O presidente do G7 e da OAB Contagem, Sanders Alves Augusto, destacou a import\u00e2ncia da integra\u00e7\u00e3o entre as entidades, o poder p\u00fablico e a sociedade, para buscar uma cidade melhor para todos, e pediu apoio do Legislativo. \u201cQueremos promover o desenvolvimento do munic\u00edpio de forma conjunta. Ent\u00e3o, o que for para o bem de Contagem, vamos apoiar, e o que acharmos que estiver errado, vamos questionar, sabendo da independ\u00eancia dos poderes e de sua import\u00e2ncia para o munic\u00edpio\u201d, disse o advogado.<\/p>\n<p style=\"text-align: justify;\">Outros membros do G7 destacaram que, em um contexto de dificuldades econ\u00f4micas, \u00e9 grande a preocupa\u00e7\u00e3o do grupo\u00a0com a\u00a0gera\u00e7\u00e3o de empregos e de renda no munic\u00edpio, al\u00e9m de buscar a\u00e7\u00f5es sociais relevantes nas comunidades mais carentes. Eles apontaram, ainda, que j\u00e1 se reuniram com o Executivo e outras institui\u00e7\u00f5es, que se mostraram abertos \u00e0s propostas, mas muitas das demandas dependem do Legislativo.<\/p>\n<p style=\"text-align: justify;\">O presidente da C\u00e2mara, <a href=\"http:\/\/legislativo.cmc.mg.gov.br\/sapl\/sapl\/consultas\/parlamentar\/parlamentar_mostrar_proc?cod_parlamentar=5\" target=\"_blank\" rel=\"noopener noreferrer\">vereador Daniel Carvalho<\/a> (PV), colocou a Casa \u00e0 disposi\u00e7\u00e3o, e solicitou que a Comiss\u00e3o de Legisla\u00e7\u00e3o Participativa da C\u00e2mara participe das reuni\u00f5es de trabalho do G7. \u201cEsta Casa est\u00e1 de portas abertas para receb\u00ea-los e debater quest\u00f5es de interesse do munic\u00edpio. Toda iniciativa voltada para o bem da cidade \u00e9 digna de considera\u00e7\u00e3o, e podem ter certeza de que a C\u00e2mara vai compor um G8\u201d, pontuou.<\/p>\n<p style=\"text-align: justify;\"><strong>Comiss\u00e3o Permanente de Legisla\u00e7\u00e3o Participativa<\/strong><\/p>\n<ul>\n<li>Titulares:<\/li>\n<\/ul>\n<p>Presidente:\u00a0Arnaldo de Oliveira (PTB)<br \/>\nVice-Presidente:\u00a0Pastor Itamar (PRB)<br \/>\nRelator: Bruno Barreiro (PV)<\/p>\n<ul>\n<li>Suplentes:<\/li>\n<\/ul>\n<p>Presidente: L\u00e9o Motta\u00a0(PSDC)<br \/>\nVice-Presidente:\u00a0Jerson Braga \u2013 Caxic\u00f3 (PPS)<br \/>\nRelator:\u00a0Gil Ant\u00f4nio Diniz \u2013 Teteco (PMDB)<\/p>\n<div id='gallery-1' class='gallery galleryid-7839 gallery-columns-5 gallery-size-thumbnail'><figure class='gallery-item'>\n\t\t\t<div class='gallery-icon landscape'>\n\t\t\t\t<a href='https:\/\/www.cmc.mg.gov.br\/?attachment_id=7851'><img loading=\"lazy\" decoding=\"async\" width=\"150\" height=\"150\" src=\"https:\/\/www.cmc.mg.gov.br\/wordpress\/wp-content\/uploads\/2017\/05\/Fotos-Samuel-Junio-Tomaz-6-1-150x150.jpg\" class=\"attachment-thumbnail size-thumbnail\" alt=\"\" srcset=\"https:\/\/www.cmc.mg.gov.br\/wordpress\/wp-content\/uploads\/2017\/05\/Fotos-Samuel-Junio-Tomaz-6-1-150x150.jpg 150w, https:\/\/www.cmc.mg.gov.br\/wordpress\/wp-content\/uploads\/2017\/05\/Fotos-Samuel-Junio-Tomaz-6-1-90x90.jpg 90w\" sizes=\"auto, (max-width: 150px) 100vw, 150px\" \/><\/a>\n\t\t\t<\/div><\/figure><figure class='gallery-item'>\n\t\t\t<div class='gallery-icon landscape'>\n\t\t\t\t<a href='https:\/\/www.cmc.mg.gov.br\/?attachment_id=7852'><img loading=\"lazy\" decoding=\"async\" width=\"150\" height=\"150\" src=\"https:\/\/www.cmc.mg.gov.br\/wordpress\/wp-content\/uploads\/2017\/05\/Fotos-Samuel-Junio-Tomaz-7-150x150.jpg\" class=\"attachment-thumbnail size-thumbnail\" alt=\"\" srcset=\"https:\/\/www.cmc.mg.gov.br\/wordpress\/wp-content\/uploads\/2017\/05\/Fotos-Samuel-Junio-Tomaz-7-150x150.jpg 150w, https:\/\/www.cmc.mg.gov.br\/wordpress\/wp-content\/uploads\/2017\/05\/Fotos-Samuel-Junio-Tomaz-7-90x90.jpg 90w\" sizes=\"auto, (max-width: 150px) 100vw, 150px\" \/><\/a>\n\t\t\t<\/div><\/figure><figure class='gallery-item'>\n\t\t\t<div class='gallery-icon landscape'>\n\t\t\t\t<a href='https:\/\/www.cmc.mg.gov.br\/?attachment_id=7853'><img loading=\"lazy\" decoding=\"async\" width=\"150\" height=\"150\" src=\"https:\/\/www.cmc.mg.gov.br\/wordpress\/wp-content\/uploads\/2017\/05\/Fotos-Samuel-Junio-Tomaz-8-150x150.jpg\" class=\"attachment-thumbnail size-thumbnail\" alt=\"\" srcset=\"https:\/\/www.cmc.mg.gov.br\/wordpress\/wp-content\/uploads\/2017\/05\/Fotos-Samuel-Junio-Tomaz-8-150x150.jpg 150w, https:\/\/www.cmc.mg.gov.br\/wordpress\/wp-content\/uploads\/2017\/05\/Fotos-Samuel-Junio-Tomaz-8-90x90.jpg 90w\" sizes=\"auto, (max-width: 150px) 100vw, 150px\" \/><\/a>\n\t\t\t<\/div><\/figure><figure class='gallery-item'>\n\t\t\t<div class='gallery-icon landscape'>\n\t\t\t\t<a href='https:\/\/www.cmc.mg.gov.br\/?attachment_id=7854'><img loading=\"lazy\" decoding=\"async\" width=\"150\" height=\"150\" src=\"https:\/\/www.cmc.mg.gov.br\/wordpress\/wp-content\/uploads\/2017\/05\/Fotos-Samuel-Junio-Tomaz-9-150x150.jpg\" class=\"attachment-thumbnail size-thumbnail\" alt=\"\" srcset=\"https:\/\/www.cmc.mg.gov.br\/wordpress\/wp-content\/uploads\/2017\/05\/Fotos-Samuel-Junio-Tomaz-9-150x150.jpg 150w, https:\/\/www.cmc.mg.gov.br\/wordpress\/wp-content\/uploads\/2017\/05\/Fotos-Samuel-Junio-Tomaz-9-90x90.jpg 90w\" sizes=\"auto, (max-width: 150px) 100vw, 150px\" \/><\/a>\n\t\t\t<\/div><\/figure><figure class='gallery-item'>\n\t\t\t<div class='gallery-icon landscape'>\n\t\t\t\t<a href='https:\/\/www.cmc.mg.gov.br\/?attachment_id=7855'><img loading=\"lazy\" decoding=\"async\" width=\"150\" height=\"150\" src=\"https:\/\/www.cmc.mg.gov.br\/wordpress\/wp-content\/uploads\/2017\/05\/Fotos-Samuel-Junio-Tomaz-11-150x150.jpg\" class=\"attachment-thumbnail size-thumbnail\" alt=\"\" srcset=\"https:\/\/www.cmc.mg.gov.br\/wordpress\/wp-content\/uploads\/2017\/05\/Fotos-Samuel-Junio-Tomaz-11-150x150.jpg 150w, https:\/\/www.cmc.mg.gov.br\/wordpress\/wp-content\/uploads\/2017\/05\/Fotos-Samuel-Junio-Tomaz-11-90x90.jpg 90w\" sizes=\"auto, (max-width: 150px) 100vw, 150px\" \/><\/a>\n\t\t\t<\/div><\/figure><figure class='gallery-item'>\n\t\t\t<div class='gallery-icon landscape'>\n\t\t\t\t<a href='https:\/\/www.cmc.mg.gov.br\/?attachment_id=7856'><img loading=\"lazy\" decoding=\"async\" width=\"150\" height=\"150\" src=\"https:\/\/www.cmc.mg.gov.br\/wordpress\/wp-content\/uploads\/2017\/05\/Fotos-Samuel-Junio-Tomaz-14-150x150.jpg\" class=\"attachment-thumbnail size-thumbnail\" alt=\"\" srcset=\"https:\/\/www.cmc.mg.gov.br\/wordpress\/wp-content\/uploads\/2017\/05\/Fotos-Samuel-Junio-Tomaz-14-150x150.jpg 150w, https:\/\/www.cmc.mg.gov.br\/wordpress\/wp-content\/uploads\/2017\/05\/Fotos-Samuel-Junio-Tomaz-14-90x90.jpg 90w\" sizes=\"auto, (max-width: 150px) 100vw, 150px\" \/><\/a>\n\t\t\t<\/div><\/figure><figure class='gallery-item'>\n\t\t\t<div class='gallery-icon landscape'>\n\t\t\t\t<a href='https:\/\/www.cmc.mg.gov.br\/?attachment_id=7857'><img loading=\"lazy\" decoding=\"async\" width=\"150\" height=\"150\" src=\"https:\/\/www.cmc.mg.gov.br\/wordpress\/wp-content\/uploads\/2017\/05\/Fotos-Samuel-Junio-Tomaz-18-150x150.jpg\" class=\"attachment-thumbnail size-thumbnail\" alt=\"\" srcset=\"https:\/\/www.cmc.mg.gov.br\/wordpress\/wp-content\/uploads\/2017\/05\/Fotos-Samuel-Junio-Tomaz-18-150x150.jpg 150w, https:\/\/www.cmc.mg.gov.br\/wordpress\/wp-content\/uploads\/2017\/05\/Fotos-Samuel-Junio-Tomaz-18-90x90.jpg 90w\" sizes=\"auto, (max-width: 150px) 100vw, 150px\" \/><\/a>\n\t\t\t<\/div><\/figure><figure class='gallery-item'>\n\t\t\t<div class='gallery-icon landscape'>\n\t\t\t\t<a href='https:\/\/www.cmc.mg.gov.br\/?attachment_id=7858'><img loading=\"lazy\" decoding=\"async\" width=\"150\" height=\"150\" src=\"https:\/\/www.cmc.mg.gov.br\/wordpress\/wp-content\/uploads\/2017\/05\/Fotos-Samuel-Junio-Tomaz-22-150x150.jpg\" class=\"attachment-thumbnail size-thumbnail\" alt=\"\" srcset=\"https:\/\/www.cmc.mg.gov.br\/wordpress\/wp-content\/uploads\/2017\/05\/Fotos-Samuel-Junio-Tomaz-22-150x150.jpg 150w, https:\/\/www.cmc.mg.gov.br\/wordpress\/wp-content\/uploads\/2017\/05\/Fotos-Samuel-Junio-Tomaz-22-90x90.jpg 90w\" sizes=\"auto, (max-width: 150px) 100vw, 150px\" \/><\/a>\n\t\t\t<\/div><\/figure><figure class='gallery-item'>\n\t\t\t<div class='gallery-icon landscape'>\n\t\t\t\t<a href='https:\/\/www.cmc.mg.gov.br\/?attachment_id=7859'><img loading=\"lazy\" decoding=\"async\" width=\"150\" height=\"150\" src=\"https:\/\/www.cmc.mg.gov.br\/wordpress\/wp-content\/uploads\/2017\/05\/Fotos-Samuel-Junio-Tomaz-25-150x150.jpg\" class=\"attachment-thumbnail size-thumbnail\" alt=\"\" srcset=\"https:\/\/www.cmc.mg.gov.br\/wordpress\/wp-content\/uploads\/2017\/05\/Fotos-Samuel-Junio-Tomaz-25-150x150.jpg 150w, https:\/\/www.cmc.mg.gov.br\/wordpress\/wp-content\/uploads\/2017\/05\/Fotos-Samuel-Junio-Tomaz-25-90x90.jpg 90w\" sizes=\"auto, (max-width: 150px) 100vw, 150px\" \/><\/a>\n\t\t\t<\/div><\/figure><figure class='gallery-item'>\n\t\t\t<div class='gallery-icon landscape'>\n\t\t\t\t<a href='https:\/\/www.cmc.mg.gov.br\/?attachment_id=7862'><img loading=\"lazy\" decoding=\"async\" width=\"150\" height=\"150\" src=\"https:\/\/www.cmc.mg.gov.br\/wordpress\/wp-content\/uploads\/2017\/05\/Fotos-Samuel-Junio-Tomaz-2-150x150.jpg\" class=\"attachment-thumbnail size-thumbnail\" alt=\"\" srcset=\"https:\/\/www.cmc.mg.gov.br\/wordpress\/wp-content\/uploads\/2017\/05\/Fotos-Samuel-Junio-Tomaz-2-150x150.jpg 150w, https:\/\/www.cmc.mg.gov.br\/wordpress\/wp-content\/uploads\/2017\/05\/Fotos-Samuel-Junio-Tomaz-2-90x90.jpg 90w\" sizes=\"auto, (max-width: 150px) 100vw, 150px\" \/><\/a>\n\t\t\t<\/div><\/figure>\n\t\t<\/div>\n\n","protected":false},"excerpt":{"rendered":"<p>A C\u00e2mara Municipal de Contagem recebeu, nesta ter\u00e7a-feira (23), a visita de representantes do G7 Contagem, grupo que re\u00fane sete entidades empresariais e representativas dos diversos setores da sociedade, com objetivo de constru\u00e7\u00e3o conjunta de uma agenda estrat\u00e9gica para o desenvolvimento econ\u00f4mico e social do munic\u00edpio. Integram o G7, o CIEMG (Centro Industrial e Empresarial &hellip; <a href=\"https:\/\/www.cmc.mg.gov.br\/?p=7839\" class=\"more-link\">Continue lendo <span class=\"screen-reader-text\">G7 Contagem apresenta \u00e0 C\u00e2mara caderno de propostas para desenvolvimento do munic\u00edpio<\/span> <span class=\"meta-nav\">&rarr;<\/span><\/a><\/p>\n","protected":false},"author":3,"featured_media":7840,"comment_status":"open","ping_status":"open","sticky":false,"template":"","format":"standard","meta":{"_exactmetrics_skip_tracking":false,"_exactmetrics_sitenote_active":false,"_exactmetrics_sitenote_note":"","_exactmetrics_sitenote_category":0,"footnotes":""},"categories":[27],"tags":[186],"class_list":["post-7839","post","type-post","status-publish","format-standard","has-post-thumbnail","hentry","category-noticias","tag-desenvolvimento-economico"],"_links":{"self":[{"href":"https:\/\/www.cmc.mg.gov.br\/index.php?rest_route=\/wp\/v2\/posts\/7839","targetHints":{"allow":["GET"]}}],"collection":[{"href":"https:\/\/www.cmc.mg.gov.br\/index.php?rest_route=\/wp\/v2\/posts"}],"about":[{"href":"https:\/\/www.cmc.mg.gov.br\/index.php?rest_route=\/wp\/v2\/types\/post"}],"author":[{"embeddable":true,"href":"https:\/\/www.cmc.mg.gov.br\/index.php?rest_route=\/wp\/v2\/users\/3"}],"replies":[{"embeddable":true,"href":"https:\/\/www.cmc.mg.gov.br\/index.php?rest_route=%2Fwp%2Fv2%2Fcomments&post=7839"}],"version-history":[{"count":13,"href":"https:\/\/www.cmc.mg.gov.br\/index.php?rest_route=\/wp\/v2\/posts\/7839\/revisions"}],"predecessor-version":[{"id":7864,"href":"https:\/\/www.cmc.mg.gov.br\/index.php?rest_route=\/wp\/v2\/posts\/7839\/revisions\/7864"}],"wp:featuredmedia":[{"embeddable":true,"href":"https:\/\/www.cmc.mg.gov.br\/index.php?rest_route=\/wp\/v2\/media\/7840"}],"wp:attachment":[{"href":"https:\/\/www.cmc.mg.gov.br\/index.php?rest_route=%2Fwp%2Fv2%2Fmedia&parent=7839"}],"wp:term":[{"taxonomy":"category","embeddable":true,"href":"https:\/\/www.cmc.mg.gov.br\/index.php?rest_route=%2Fwp%2Fv2%2Fcategories&post=7839"},{"taxonomy":"post_tag","embeddable":true,"href":"https:\/\/www.cmc.mg.gov.br\/index.php?rest_route=%2Fwp%2Fv2%2Ftags&post=7839"}],"curies":[{"name":"wp","href":"https:\/\/api.w.org\/{rel}","templated":true}]}}