
{"id":7870,"date":"2017-05-25T10:52:20","date_gmt":"2017-05-25T13:52:20","guid":{"rendered":"http:\/\/www.cmc.mg.gov.br\/?p=7870"},"modified":"2020-08-15T12:49:45","modified_gmt":"2020-08-15T15:49:45","slug":"ouvidoria-cidada-ouve-demandas-do-nacional-nesta-sexta-feira-26","status":"publish","type":"post","link":"https:\/\/www.cmc.mg.gov.br\/?p=7870","title":{"rendered":"Ouvidoria Cidad\u00e3 ouve demandas do Nacional nesta sexta-feira (26)"},"content":{"rendered":"<p style=\"text-align: justify;\">A equipe da Ouvidoria Cidad\u00e3 da C\u00e2mara Municipal de Contagem estar\u00e1, na manh\u00e3 desta sexta-feira (26), na Pra\u00e7a Estrela Dalva, ouvindo as demandas, sugest\u00f5es e reclama\u00e7\u00f5es da popula\u00e7\u00e3o do Nacional e regi\u00e3o. Ser\u00e1 a primeira a\u00e7\u00e3o itinerante da Ouvidoria ap\u00f3s seu <a href=\"http:\/\/www.cmc.mg.gov.br\/?p=7644\" target=\"_blank\" rel=\"noopener noreferrer\">lan\u00e7amento na regional Sede<\/a>, e ela pretende percorrer, at\u00e9 o final do ano, todas as outras seis regionais da cidade.<\/p>\n<p style=\"text-align: justify;\">Ampliar a participa\u00e7\u00e3o popular, a transpar\u00eancia e a comunica\u00e7\u00e3o com a popula\u00e7\u00e3o s\u00e3o os objetivos desta legislatura. E uma ferramenta importante para atingir esse intuito \u00e9 a Ouvidoria, que tem como atribui\u00e7\u00e3o receber, examinar e dar o encaminhamento \u00e0s manifesta\u00e7\u00f5es do cidad\u00e3o sobre os mais diversos assuntos: desde os relativos ao dia a dia e \u00e0 presta\u00e7\u00e3o dos servi\u00e7os p\u00fablicos municipais, at\u00e9 os que envolvem a rela\u00e7\u00e3o da popula\u00e7\u00e3o diretamente com a C\u00e2mara Municipal e os vereadores.<\/p>\n<p style=\"text-align: justify;\">Todas as manifesta\u00e7\u00f5es da popula\u00e7\u00e3o no evento &#8211; assim como aquelas que chegam por telefone, e-mail, ou pelo <a href=\"http:\/\/ouvidoria.cmc.mg.gov.br\/\" target=\"_blank\" rel=\"noopener noreferrer\">sistema on-line<\/a>\u00a0&#8211;\u00a0s\u00e3o registradas, e a Ouvidoria busca, de forma ativa, esclarecimentos diante dos \u00f3rg\u00e3os e das autoridades competentes, para que o cidad\u00e3o tenha resposta adequada e em tempo h\u00e1bil.<\/p>\n<p style=\"text-align: justify;\">Mais informa\u00e7\u00f5es pelo telefone (31) 3359-8702.<\/p>\n","protected":false},"excerpt":{"rendered":"<p>A equipe da Ouvidoria Cidad\u00e3 da C\u00e2mara Municipal de Contagem estar\u00e1, na manh\u00e3 desta sexta-feira (26), na Pra\u00e7a Estrela Dalva, ouvindo as demandas, sugest\u00f5es e reclama\u00e7\u00f5es da popula\u00e7\u00e3o do Nacional e regi\u00e3o. Ser\u00e1 a primeira a\u00e7\u00e3o itinerante da Ouvidoria ap\u00f3s seu lan\u00e7amento na regional Sede, e ela pretende percorrer, at\u00e9 o final do ano, todas &hellip; <a href=\"https:\/\/www.cmc.mg.gov.br\/?p=7870\" class=\"more-link\">Continue lendo <span class=\"screen-reader-text\">Ouvidoria Cidad\u00e3 ouve demandas do Nacional nesta sexta-feira (26)<\/span> <span class=\"meta-nav\">&rarr;<\/span><\/a><\/p>\n","protected":false},"author":3,"featured_media":7872,"comment_status":"open","ping_status":"open","sticky":false,"template":"","format":"standard","meta":{"_exactmetrics_skip_tracking":false,"_exactmetrics_sitenote_active":false,"_exactmetrics_sitenote_note":"","_exactmetrics_sitenote_category":0,"footnotes":""},"categories":[11,27,187],"tags":[],"class_list":["post-7870","post","type-post","status-publish","format-standard","has-post-thumbnail","hentry","category-eventos","category-noticias","category-ouvidoria"],"_links":{"self":[{"href":"https:\/\/www.cmc.mg.gov.br\/index.php?rest_route=\/wp\/v2\/posts\/7870","targetHints":{"allow":["GET"]}}],"collection":[{"href":"https:\/\/www.cmc.mg.gov.br\/index.php?rest_route=\/wp\/v2\/posts"}],"about":[{"href":"https:\/\/www.cmc.mg.gov.br\/index.php?rest_route=\/wp\/v2\/types\/post"}],"author":[{"embeddable":true,"href":"https:\/\/www.cmc.mg.gov.br\/index.php?rest_route=\/wp\/v2\/users\/3"}],"replies":[{"embeddable":true,"href":"https:\/\/www.cmc.mg.gov.br\/index.php?rest_route=%2Fwp%2Fv2%2Fcomments&post=7870"}],"version-history":[{"count":1,"href":"https:\/\/www.cmc.mg.gov.br\/index.php?rest_route=\/wp\/v2\/posts\/7870\/revisions"}],"predecessor-version":[{"id":7871,"href":"https:\/\/www.cmc.mg.gov.br\/index.php?rest_route=\/wp\/v2\/posts\/7870\/revisions\/7871"}],"wp:featuredmedia":[{"embeddable":true,"href":"https:\/\/www.cmc.mg.gov.br\/index.php?rest_route=\/wp\/v2\/media\/7872"}],"wp:attachment":[{"href":"https:\/\/www.cmc.mg.gov.br\/index.php?rest_route=%2Fwp%2Fv2%2Fmedia&parent=7870"}],"wp:term":[{"taxonomy":"category","embeddable":true,"href":"https:\/\/www.cmc.mg.gov.br\/index.php?rest_route=%2Fwp%2Fv2%2Fcategories&post=7870"},{"taxonomy":"post_tag","embeddable":true,"href":"https:\/\/www.cmc.mg.gov.br\/index.php?rest_route=%2Fwp%2Fv2%2Ftags&post=7870"}],"curies":[{"name":"wp","href":"https:\/\/api.w.org\/{rel}","templated":true}]}}