
{"id":7873,"date":"2017-05-25T11:52:20","date_gmt":"2017-05-25T14:52:20","guid":{"rendered":"http:\/\/www.cmc.mg.gov.br\/?p=7873"},"modified":"2017-05-25T11:54:19","modified_gmt":"2017-05-25T14:54:19","slug":"prefeitura-de-contagem-presta-contas-na-camara-na-proxima-segunda-29","status":"publish","type":"post","link":"https:\/\/www.cmc.mg.gov.br\/?p=7873","title":{"rendered":"Prefeitura de Contagem presta contas na C\u00e2mara na pr\u00f3xima segunda (29)"},"content":{"rendered":"<p style=\"text-align: justify;\">Os poderes Legislativo e Executivo de Contagem realizam, na pr\u00f3xima segunda-feira, dia\u00a029 de maio,\u00a0\u00e0s\u00a010h, na\u00a0C\u00e2mara Municipal de Contagem, Audi\u00eancia P\u00fablica para demonstra\u00e7\u00e3o e avalia\u00e7\u00e3o, pela Prefeitura, do cumprimento das metas fiscais referentes ao primeiro quadrimestre\u00a0de 2017. A presta\u00e7\u00e3o de contas \u00e9 promovida em conformidade com a Lei Complementar n\u00ba 101\/2000 \u2013 Lei de Responsabilidade Fiscal.<\/p>\n<p style=\"text-align: justify;\">Para dar transpar\u00eancia \u00e0s atividades do Munic\u00edpio, a Controladoria Geral apresentar\u00e1 dados associados \u00e0s metas de arrecada\u00e7\u00e3o, indicativos de despesas,\u00a0 investimentos em sa\u00fade e educa\u00e7\u00e3o, d\u00edvida p\u00fablica, al\u00e9m de\u00a0 despesa com pessoal e seus limites legais. E uma equipe da Ouvidoria da Prefeitura estar\u00e1 no local para esclarecer d\u00favidas e fornecer informa\u00e7\u00f5es ao p\u00fablico.<\/p>\n<p style=\"text-align: justify;\"><strong>Presta\u00e7\u00e3o de contas<\/strong><\/p>\n<p style=\"text-align: justify;\"><strong>Data<\/strong>: 29 de maio (segunda-feira)<br \/>\n<strong>Hor\u00e1rio<\/strong>: 10h<br \/>\n<strong>Local:<\/strong>\u00a0C\u00e2mara Municipal\u00a0de Contagem (Pra\u00e7a S\u00e3o Gon\u00e7alo, 18, Centro)<\/p>\n","protected":false},"excerpt":{"rendered":"<p>Os poderes Legislativo e Executivo de Contagem realizam, na pr\u00f3xima segunda-feira, dia\u00a029 de maio,\u00a0\u00e0s\u00a010h, na\u00a0C\u00e2mara Municipal de Contagem, Audi\u00eancia P\u00fablica para demonstra\u00e7\u00e3o e avalia\u00e7\u00e3o, pela Prefeitura, do cumprimento das metas fiscais referentes ao primeiro quadrimestre\u00a0de 2017. A presta\u00e7\u00e3o de contas \u00e9 promovida em conformidade com a Lei Complementar n\u00ba 101\/2000 \u2013 Lei de Responsabilidade Fiscal. &hellip; <a href=\"https:\/\/www.cmc.mg.gov.br\/?p=7873\" class=\"more-link\">Continue lendo <span class=\"screen-reader-text\">Prefeitura de Contagem presta contas na C\u00e2mara na pr\u00f3xima segunda (29)<\/span> <span class=\"meta-nav\">&rarr;<\/span><\/a><\/p>\n","protected":false},"author":3,"featured_media":7874,"comment_status":"open","ping_status":"open","sticky":false,"template":"","format":"standard","meta":{"_exactmetrics_skip_tracking":false,"_exactmetrics_sitenote_active":false,"_exactmetrics_sitenote_note":"","_exactmetrics_sitenote_category":0,"footnotes":""},"categories":[23,11,27],"tags":[141],"class_list":["post-7873","post","type-post","status-publish","format-standard","has-post-thumbnail","hentry","category-audiencias-publicas","category-eventos","category-noticias","tag-prestacao-de-contas"],"_links":{"self":[{"href":"https:\/\/www.cmc.mg.gov.br\/index.php?rest_route=\/wp\/v2\/posts\/7873","targetHints":{"allow":["GET"]}}],"collection":[{"href":"https:\/\/www.cmc.mg.gov.br\/index.php?rest_route=\/wp\/v2\/posts"}],"about":[{"href":"https:\/\/www.cmc.mg.gov.br\/index.php?rest_route=\/wp\/v2\/types\/post"}],"author":[{"embeddable":true,"href":"https:\/\/www.cmc.mg.gov.br\/index.php?rest_route=\/wp\/v2\/users\/3"}],"replies":[{"embeddable":true,"href":"https:\/\/www.cmc.mg.gov.br\/index.php?rest_route=%2Fwp%2Fv2%2Fcomments&post=7873"}],"version-history":[{"count":4,"href":"https:\/\/www.cmc.mg.gov.br\/index.php?rest_route=\/wp\/v2\/posts\/7873\/revisions"}],"predecessor-version":[{"id":7878,"href":"https:\/\/www.cmc.mg.gov.br\/index.php?rest_route=\/wp\/v2\/posts\/7873\/revisions\/7878"}],"wp:featuredmedia":[{"embeddable":true,"href":"https:\/\/www.cmc.mg.gov.br\/index.php?rest_route=\/wp\/v2\/media\/7874"}],"wp:attachment":[{"href":"https:\/\/www.cmc.mg.gov.br\/index.php?rest_route=%2Fwp%2Fv2%2Fmedia&parent=7873"}],"wp:term":[{"taxonomy":"category","embeddable":true,"href":"https:\/\/www.cmc.mg.gov.br\/index.php?rest_route=%2Fwp%2Fv2%2Fcategories&post=7873"},{"taxonomy":"post_tag","embeddable":true,"href":"https:\/\/www.cmc.mg.gov.br\/index.php?rest_route=%2Fwp%2Fv2%2Ftags&post=7873"}],"curies":[{"name":"wp","href":"https:\/\/api.w.org\/{rel}","templated":true}]}}