
{"id":7882,"date":"2017-05-25T15:04:10","date_gmt":"2017-05-25T18:04:10","guid":{"rendered":"http:\/\/www.cmc.mg.gov.br\/?p=7882"},"modified":"2017-05-25T15:27:00","modified_gmt":"2017-05-25T18:27:00","slug":"comissao-pretende-intervir-em-vias-de-grande-fluxo-por-mais-seguranca-no-transito","status":"publish","type":"post","link":"https:\/\/www.cmc.mg.gov.br\/?p=7882","title":{"rendered":"Comiss\u00e3o pretende intervir em vias de grande fluxo por mais seguran\u00e7a no tr\u00e2nsito"},"content":{"rendered":"<p style=\"text-align: justify;\"><em>Primeira visita t\u00e9cnica da comiss\u00e3o da campanha \u201cMaio Amarelo\u201d nos pontos de maior fluxo de pessoas e ve\u00edculos, como a Avenida Jo\u00e3o C\u00e9sar de Oliveira, j\u00e1 foi marcada para a primeira semana de junho.<\/em><\/p>\n<p style=\"text-align: justify;\">Uma comiss\u00e3o formada por representantes do Legislativo de Contagem, da Transcon (Autarquia de Tr\u00e2nsito e Transportes de Contagem), do Conselho Municipal do Idoso (Comic) e das secretarias municipais de Sa\u00fade e da Pessoa com Defici\u00eancia, Mobilidade Reduzida e Aten\u00e7\u00e3o ao Idoso far\u00e3o, a partir das pr\u00f3ximas semanas, visitas t\u00e9cnicas a corredores de grande fluxo de ve\u00edculos e pedestres, para propor interven\u00e7\u00f5es que garantam mais seguran\u00e7a no tr\u00e2nsito.<\/p>\n<p style=\"text-align: justify;\">A iniciativa partiu do representante da C\u00e2mara no Comic, <a href=\"http:\/\/legislativo.cmc.mg.gov.br\/sapl\/sapl\/consultas\/parlamentar\/parlamentar_mostrar_proc?cod_parlamentar=2\" target=\"_blank\" rel=\"noopener noreferrer\">vereador Arnaldo de Oliveira<\/a> (PTB), que vem encampando o movimento <a href=\"http:\/\/www.cmc.mg.gov.br\/?p=7667\" target=\"_blank\" rel=\"noopener noreferrer\">\u201cMaio Amarelo\u201d em Contagem<\/a> &#8211; campanha internacional de mobiliza\u00e7\u00e3o e conscientiza\u00e7\u00e3o de motoristas e pedestres para a redu\u00e7\u00e3o de acidentes de tr\u00e2nsito. Como parte da iniciativa, o parlamentar solicita a extens\u00e3o do tempo para a travessia dos sinais de pedestre e o rebaixamento do meio-fio nos locais de travessia, contemplando pessoas com defici\u00eancia e mobilidade reduzida.<\/p>\n<p style=\"text-align: justify;\"><a href=\"http:\/\/www.cmc.mg.gov.br\/wordpress\/wp-content\/uploads\/2017\/05\/17-05-24-Reuni\u00e3o-Maio-Amarelo-Foto-Samuel-Junio.jpg\"><img loading=\"lazy\" decoding=\"async\" class=\"alignright size-medium wp-image-7885\" src=\"http:\/\/www.cmc.mg.gov.br\/wordpress\/wp-content\/uploads\/2017\/05\/17-05-24-Reuni\u00e3o-Maio-Amarelo-Foto-Samuel-Junio-300x187.jpg\" alt=\"\" width=\"300\" height=\"187\" srcset=\"https:\/\/www.cmc.mg.gov.br\/wordpress\/wp-content\/uploads\/2017\/05\/17-05-24-Reuni\u00e3o-Maio-Amarelo-Foto-Samuel-Junio-300x187.jpg 300w, https:\/\/www.cmc.mg.gov.br\/wordpress\/wp-content\/uploads\/2017\/05\/17-05-24-Reuni\u00e3o-Maio-Amarelo-Foto-Samuel-Junio-768x479.jpg 768w, https:\/\/www.cmc.mg.gov.br\/wordpress\/wp-content\/uploads\/2017\/05\/17-05-24-Reuni\u00e3o-Maio-Amarelo-Foto-Samuel-Junio-1024x638.jpg 1024w\" sizes=\"auto, (max-width: 300px) 100vw, 300px\" \/><\/a>Em reuni\u00e3o realizada na \u00faltima quarta-feira (24), t\u00e9cnicos da Transcon expuseram que, diante da sua import\u00e2ncia para a seguran\u00e7a no tr\u00e2nsito, a campanha \u201cMaio Amarelo\u201d n\u00e3o ficar\u00e1 restrita apenas a este m\u00eas. E a equipe da autarquia se comprometeu a fazer vistoria nos sinaleiros dos principais corredores de tr\u00e1fego\u00a0para adequar e, possivelmente, aumentar o tempo de travessia. Por solicita\u00e7\u00e3o do presidente do Comic, Joaquim Gomes, a a\u00e7\u00e3o tamb\u00e9m vai analisar as condi\u00e7\u00f5es do piso t\u00e1til para deficientes visuais.<\/p>\n<p style=\"text-align: justify;\">Para o vereador Arnaldo de Oliveira, a uni\u00e3o de todos, com respaldo da Transcon, \u00e9 essencial para melhorar a seguran\u00e7a no tr\u00e2nsito do munic\u00edpio. \u201cEstamos no in\u00edcio desse processo, tanto de conscientiza\u00e7\u00e3o dos motoristas e pedestres para a redu\u00e7\u00e3o dos acidentes de tr\u00e2nsito, quanto de a\u00e7\u00f5es efetivas pelo poder p\u00fablico. Acredito na uni\u00e3o dessas for\u00e7as entre o Comic, o Legislativo e o Executivo, para que Contagem saia na frente e consiga reduzir os \u00edndices de acidentes e atropelamentos e ofere\u00e7a ainda mais acessibilidade \u00e0s pessoas com mobilidade reduzida\u201d, comemorou.<\/p>\n","protected":false},"excerpt":{"rendered":"<p>Primeira visita t\u00e9cnica da comiss\u00e3o da campanha \u201cMaio Amarelo\u201d nos pontos de maior fluxo de pessoas e ve\u00edculos, como a Avenida Jo\u00e3o C\u00e9sar de Oliveira, j\u00e1 foi marcada para a primeira semana de junho. Uma comiss\u00e3o formada por representantes do Legislativo de Contagem, da Transcon (Autarquia de Tr\u00e2nsito e Transportes de Contagem), do Conselho Municipal &hellip; <a href=\"https:\/\/www.cmc.mg.gov.br\/?p=7882\" class=\"more-link\">Continue lendo <span class=\"screen-reader-text\">Comiss\u00e3o pretende intervir em vias de grande fluxo por mais seguran\u00e7a no tr\u00e2nsito<\/span> <span class=\"meta-nav\">&rarr;<\/span><\/a><\/p>\n","protected":false},"author":3,"featured_media":7883,"comment_status":"open","ping_status":"open","sticky":false,"template":"","format":"standard","meta":{"_exactmetrics_skip_tracking":false,"_exactmetrics_sitenote_active":false,"_exactmetrics_sitenote_note":"","_exactmetrics_sitenote_category":0,"footnotes":""},"categories":[15,27],"tags":[175],"class_list":["post-7882","post","type-post","status-publish","format-standard","has-post-thumbnail","hentry","category-comissoes","category-noticias","tag-transito-e-transporte"],"_links":{"self":[{"href":"https:\/\/www.cmc.mg.gov.br\/index.php?rest_route=\/wp\/v2\/posts\/7882","targetHints":{"allow":["GET"]}}],"collection":[{"href":"https:\/\/www.cmc.mg.gov.br\/index.php?rest_route=\/wp\/v2\/posts"}],"about":[{"href":"https:\/\/www.cmc.mg.gov.br\/index.php?rest_route=\/wp\/v2\/types\/post"}],"author":[{"embeddable":true,"href":"https:\/\/www.cmc.mg.gov.br\/index.php?rest_route=\/wp\/v2\/users\/3"}],"replies":[{"embeddable":true,"href":"https:\/\/www.cmc.mg.gov.br\/index.php?rest_route=%2Fwp%2Fv2%2Fcomments&post=7882"}],"version-history":[{"count":9,"href":"https:\/\/www.cmc.mg.gov.br\/index.php?rest_route=\/wp\/v2\/posts\/7882\/revisions"}],"predecessor-version":[{"id":7893,"href":"https:\/\/www.cmc.mg.gov.br\/index.php?rest_route=\/wp\/v2\/posts\/7882\/revisions\/7893"}],"wp:featuredmedia":[{"embeddable":true,"href":"https:\/\/www.cmc.mg.gov.br\/index.php?rest_route=\/wp\/v2\/media\/7883"}],"wp:attachment":[{"href":"https:\/\/www.cmc.mg.gov.br\/index.php?rest_route=%2Fwp%2Fv2%2Fmedia&parent=7882"}],"wp:term":[{"taxonomy":"category","embeddable":true,"href":"https:\/\/www.cmc.mg.gov.br\/index.php?rest_route=%2Fwp%2Fv2%2Fcategories&post=7882"},{"taxonomy":"post_tag","embeddable":true,"href":"https:\/\/www.cmc.mg.gov.br\/index.php?rest_route=%2Fwp%2Fv2%2Ftags&post=7882"}],"curies":[{"name":"wp","href":"https:\/\/api.w.org\/{rel}","templated":true}]}}