
{"id":857,"date":"2014-05-28T14:01:37","date_gmt":"2014-05-28T17:01:37","guid":{"rendered":"http:\/\/novosite.cmc.mg.gov.br\/?p=857"},"modified":"2014-06-25T16:38:10","modified_gmt":"2014-06-25T19:38:10","slug":"legislativo-de-contagem-aprova-a-criacao-de-duas-escolas-infantis","status":"publish","type":"post","link":"https:\/\/www.cmc.mg.gov.br\/?p=857","title":{"rendered":"Legislativo de Contagem aprova a cria\u00e7\u00e3o de duas escolas infantis"},"content":{"rendered":"<p style=\"text-align: justify;\">Os vereadores de Contagem aprovaram, nesta semana, em primeiro turno, a cria\u00e7\u00e3o de dois Centros Municipais de Educa\u00e7\u00e3o Infantil (Cemei). Propostos pelo Executivo, os projetos de lei 07 e 08 de 2014 criam as escolas, respectivamente, nos bairros Darcy Ribeiro, na regional Nova Contagem, e Parque S\u00e3o Jo\u00e3o, na regional Eldorado.<\/p>\n<p style=\"text-align: justify;\">Em mensagens que acompanham os projetos, o prefeito Carlin Moura (PCdoB) ressalta que as proposi\u00e7\u00f5es se respaldam &#8220;na pol\u00edtica de amplia\u00e7\u00e3o da Educa\u00e7\u00e3o Infantil a fim de atender a grande demanda j\u00e1 constatada na cidade&#8221;. Com isso, cada escola atenderia 150 crian\u00e7as com idades entre zero e cinco anos.<\/p>\n<p style=\"text-align: justify;\">A ideia \u00e9 que o Cemei Darcy Ribeiro atenda a regi\u00e3o que compreende os bairros Buganvile e Icaivera. J\u00e1 o Cemei Parque S\u00e3o Jo\u00e3o beneficiar\u00e1 a comunidade dos bairros Cinco, Perobas, Novo Eldorado, Maria da Concei\u00e7\u00e3o e Beatriz.<\/p>\n<p style=\"text-align: justify;\">Os projetos devem ser votados em segundo turno e reda\u00e7\u00e3o final na pr\u00f3xima ter\u00e7a-feira (03). Uma vez aprovados, seguem para a Prefeitura de Contagem, e as novas leis entram em vigor a partir de sua publica\u00e7\u00e3o no Di\u00e1rio Oficial do Munic\u00edpio.<\/p>\n<ul>\n<li style=\"text-align: justify;\">Confira as imagens da reuni\u00e3o na <a href=\"http:\/\/novosite.cmc.mg.gov.br\/?p=979\">Galeria de Fotos<\/a>.<\/li>\n<\/ul>\n","protected":false},"excerpt":{"rendered":"<p>Os vereadores de Contagem aprovaram, nesta semana, em primeiro turno, a cria\u00e7\u00e3o de dois Centros Municipais de Educa\u00e7\u00e3o Infantil (Cemei). Propostos pelo Executivo, os projetos de lei 07 e 08 de 2014 criam as escolas, respectivamente, nos bairros Darcy Ribeiro, na regional Nova Contagem, e Parque S\u00e3o Jo\u00e3o, na regional Eldorado. Em mensagens que acompanham &hellip; <a href=\"https:\/\/www.cmc.mg.gov.br\/?p=857\" class=\"more-link\">Continue lendo <span class=\"screen-reader-text\">Legislativo de Contagem aprova a cria\u00e7\u00e3o de duas escolas infantis<\/span> <span class=\"meta-nav\">&rarr;<\/span><\/a><\/p>\n","protected":false},"author":3,"featured_media":858,"comment_status":"open","ping_status":"open","sticky":false,"template":"","format":"standard","meta":{"_exactmetrics_skip_tracking":false,"_exactmetrics_sitenote_active":false,"_exactmetrics_sitenote_note":"","_exactmetrics_sitenote_category":0,"footnotes":""},"categories":[27,18],"tags":[],"class_list":["post-857","post","type-post","status-publish","format-standard","has-post-thumbnail","hentry","category-noticias","category-plenario"],"_links":{"self":[{"href":"https:\/\/www.cmc.mg.gov.br\/index.php?rest_route=\/wp\/v2\/posts\/857","targetHints":{"allow":["GET"]}}],"collection":[{"href":"https:\/\/www.cmc.mg.gov.br\/index.php?rest_route=\/wp\/v2\/posts"}],"about":[{"href":"https:\/\/www.cmc.mg.gov.br\/index.php?rest_route=\/wp\/v2\/types\/post"}],"author":[{"embeddable":true,"href":"https:\/\/www.cmc.mg.gov.br\/index.php?rest_route=\/wp\/v2\/users\/3"}],"replies":[{"embeddable":true,"href":"https:\/\/www.cmc.mg.gov.br\/index.php?rest_route=%2Fwp%2Fv2%2Fcomments&post=857"}],"version-history":[{"count":4,"href":"https:\/\/www.cmc.mg.gov.br\/index.php?rest_route=\/wp\/v2\/posts\/857\/revisions"}],"predecessor-version":[{"id":1058,"href":"https:\/\/www.cmc.mg.gov.br\/index.php?rest_route=\/wp\/v2\/posts\/857\/revisions\/1058"}],"wp:featuredmedia":[{"embeddable":true,"href":"https:\/\/www.cmc.mg.gov.br\/index.php?rest_route=\/wp\/v2\/media\/858"}],"wp:attachment":[{"href":"https:\/\/www.cmc.mg.gov.br\/index.php?rest_route=%2Fwp%2Fv2%2Fmedia&parent=857"}],"wp:term":[{"taxonomy":"category","embeddable":true,"href":"https:\/\/www.cmc.mg.gov.br\/index.php?rest_route=%2Fwp%2Fv2%2Fcategories&post=857"},{"taxonomy":"post_tag","embeddable":true,"href":"https:\/\/www.cmc.mg.gov.br\/index.php?rest_route=%2Fwp%2Fv2%2Ftags&post=857"}],"curies":[{"name":"wp","href":"https:\/\/api.w.org\/{rel}","templated":true}]}}