
{"id":9522,"date":"2017-11-10T12:26:52","date_gmt":"2017-11-10T14:26:52","guid":{"rendered":"http:\/\/www.cmc.mg.gov.br\/?p=9522"},"modified":"2017-11-10T14:47:04","modified_gmt":"2017-11-10T16:47:04","slug":"camara-homenageia-personalidades-e-instituicoes-em-cerimonia-nesta-quinta-feira","status":"publish","type":"post","link":"https:\/\/www.cmc.mg.gov.br\/?p=9522","title":{"rendered":"C\u00e2mara homenageia personalidades e institui\u00e7\u00f5es em cerim\u00f4nia nesta quinta-feira"},"content":{"rendered":"<p style=\"text-align: justify;\">A noite da \u00faltima quinta-feira (09\/11) foi marcada por homenagens no Legislativo municipal, quando onze personalidades foram condecoradas com os t\u00edtulos de Cidadania Honor\u00e1ria, M\u00e9rito Desportivo e Honra ao M\u00e9rito.<\/p>\n<p style=\"text-align: justify;\">Al\u00e9m dos vereadores, dos homenageados, amigos e familiares, prestigiaram o evento o Procurador-Geral do Munic\u00edpio, Afonso Jos\u00e9 de Andrade, representando o Executivo, e o secret\u00e1rio de Estado de Turismo e deputado estadual licenciado, Ricardo Faria.<\/p>\n<p style=\"text-align: justify;\">O t\u00edtulo de Cidadania Honor\u00e1ria \u00e9 concedido como agradecimento a pessoas que n\u00e3o nasceram neste munic\u00edpio mas que, de alguma forma, ajudam ou ajudaram no seu desenvolvimento social e econ\u00f4mico. Na ocasi\u00e3o, seis pessoas receberam a homenagem, e o s\u00e9timo homenageado, o ex-deputado estadual e ex-presidente da Assembleia Legislativa de Minas, Dinis Pinheiro, n\u00e3o pode comparecer em raz\u00e3o do recente falecimento de sua m\u00e3e.<\/p>\n<p style=\"text-align: justify;\">O t\u00edtulo de Honra ao M\u00e9rito, destinado a pessoas ou organiza\u00e7\u00f5es que atingiram o reconhecimento p\u00fablico das suas atividades, foi entregue a duas personalidades \u2013 Jo\u00e3o Mendes de Freitas e a atual presidente do diret\u00f3rio estadual do Partido dos Trabalhadores de Minas Gerais, Maria Aparecida de Jesus.<\/p>\n<p style=\"text-align: justify;\">Na ocasi\u00e3o, Maria Aparecida, conhecida como \u201cCida do PT\u201d, fez um discurso breve e firme, destacando a atual situa\u00e7\u00e3o do Brasil, momento em que a homenageada resumiu como de \u201cperda de direitos\u201d dos trabalhadores, dos jovens, das mulheres, dos negros, dos ind\u00edgenas e dos quilombolas. \u201cFalo tamb\u00e9m da perda da nacionalidade, da democracia. Ent\u00e3o, este M\u00e9rito n\u00e3o \u00e9 meu, \u00e9 tamb\u00e9m de todos que continuam na resist\u00eancia\u201d, finalizou.<\/p>\n<p style=\"text-align: justify;\">Por fim, o t\u00edtulo de M\u00e9rito Desportivo, dedicado a homenagear pessoas e agremia\u00e7\u00f5es envolvidas no desporto do munic\u00edpio, estado ou pa\u00eds e que, por isso, destacam e levam o nome da cidade de Contagem, foi dado ao Sada Cruzeiro, representado por Fl\u00e1vio Pereira.<\/p>\n<p style=\"text-align: justify;\">O Sada \u00e9 um time de v\u00f4lei fundado em 2006, em Contagem, que desde 2009 vem passando por grande ascens\u00e3o no cen\u00e1rio esportivo nacional e mundial. O time, patrocinado pelo Grupo SADA e que se uniu com o Cruzeiro, hoje conta com uma estimada torcida de nove milh\u00f5es de pessoas e coleciona t\u00edtulos: tetracampe\u00e3o da Superliga, heptacampe\u00e3o Estadual, bicampe\u00e3o da Copa Brasil, tricampe\u00e3o Sul-Americano, al\u00e9m do hist\u00f3rico t\u00edtulo do tricampeonato do Mundial de Clubes.<\/p>\n<p style=\"text-align: justify;\">Outro condecorado com o M\u00e9rito Desportivo foi St\u00e9fani Machado Vital, que desde 1996 se dedica ao Hockey por meio da Associa\u00e7\u00e3o Eldorado Vipers. Mais que um time, a Eldorado Vipers mant\u00e9m, h\u00e1 seis anos, o atendimento a cerca de 100 crian\u00e7as, adolescentes e adultos, em um projeto que tem como objetivo principal a socializa\u00e7\u00e3o e o suporte \u00e0 forma\u00e7\u00e3o.<\/p>\n<p style=\"text-align: justify;\">St\u00e9fani foi campe\u00e3o mineiro sete vezes com a equipe e terceiro lugar no campeonato nacional, em 2010. Foi campe\u00e3o sul-americano de clubes quatro vezes, e terceiro colocado sul-americano, em 2016. Participou do maior campeonato de Roller Hockey do mundo, na Calif\u00f3rnia, e garantiu segundo lugar na categoria acima de 30 anos e terceiro na categoria Silver, em 2016. Teve seu trabalho como atleta recompensado e, ap\u00f3s 21 anos, quando foi convocado pela primeira vez para sele\u00e7\u00e3o brasileira e representou o Pa\u00eds no mundial realizado em Nanjing, na China.<\/p>\n<p style=\"text-align: justify;\">O final da cerim\u00f4nia ficou por conta do presidente da C\u00e2mara, vereador <a href=\"http:\/\/legislativo.cmc.mg.gov.br:8080\/sapl\/consultas\/parlamentar\/parlamentar_mostrar_proc?cod_parlamentar=5\" target=\"_blank\" rel=\"noopener noreferrer\">Daniel Carvalho<\/a> (PV), que parabenizou todos os homenageados e destacou a import\u00e2ncia de cada um no engrandecimento da cidade de Contagem.<\/p>\n<p style=\"text-align: justify;\">\u201cParabenizo, tamb\u00e9m, os colegas vereadores <a href=\"http:\/\/legislativo.cmc.mg.gov.br:8080\/sapl\/consultas\/parlamentar\/parlamentar_mostrar_proc?cod_parlamentar=1\" target=\"_blank\" rel=\"noopener noreferrer\">Alex Chiodi<\/a>, <a href=\"http:\/\/legislativo.cmc.mg.gov.br:8080\/sapl\/consultas\/parlamentar\/parlamentar_mostrar_proc?cod_parlamentar=26\" target=\"_blank\" rel=\"noopener noreferrer\">Bruno Barreiro<\/a>, <a href=\"http:\/\/legislativo.cmc.mg.gov.br:8080\/sapl\/consultas\/parlamentar\/parlamentar_mostrar_proc?cod_parlamentar=24\" target=\"_blank\" rel=\"noopener noreferrer\">Gl\u00f3ria da Aposentadoria<\/a>, <a href=\"http:\/\/legislativo.cmc.mg.gov.br:8080\/sapl\/consultas\/parlamentar\/parlamentar_mostrar_proc?cod_parlamentar=13\" target=\"_blank\" rel=\"noopener noreferrer\">Jair Tropical<\/a>, <a href=\"http:\/\/legislativo.cmc.mg.gov.br:8080\/sapl\/consultas\/parlamentar\/parlamentar_mostrar_proc?cod_parlamentar=30\" target=\"_blank\" rel=\"noopener noreferrer\">Jo\u00e3o Bosco \u2013 New Texas<\/a>, <a href=\"http:\/\/legislativo.cmc.mg.gov.br:8080\/sapl\/consultas\/parlamentar\/parlamentar_mostrar_proc?cod_parlamentar=31\" target=\"_blank\" rel=\"noopener noreferrer\">Jos\u00e9 Carlos Gomes<\/a>, <a href=\"http:\/\/legislativo.cmc.mg.gov.br:8080\/sapl\/consultas\/parlamentar\/parlamentar_mostrar_proc?cod_parlamentar=32\" target=\"_blank\" rel=\"noopener noreferrer\">Silvinha Dudu<\/a>, <a href=\"http:\/\/legislativo.cmc.mg.gov.br:8080\/sapl\/consultas\/parlamentar\/parlamentar_mostrar_proc?cod_parlamentar=33\" target=\"_blank\" rel=\"noopener noreferrer\">Vinicius Faria<\/a>, <a href=\"http:\/\/legislativo.cmc.mg.gov.br:8080\/sapl\/consultas\/parlamentar\/parlamentar_mostrar_proc?cod_parlamentar=25\" target=\"_blank\" rel=\"noopener noreferrer\">Xex\u00e9u<\/a> e<a href=\"http:\/\/legislativo.cmc.mg.gov.br:8080\/sapl\/consultas\/parlamentar\/parlamentar_mostrar_proc?cod_parlamentar=19\" target=\"_blank\" rel=\"noopener noreferrer\"> Z\u00e9 Ant\u00f4nio do Hosp. Santa Helena<\/a>, que fizeram a proposi\u00e7\u00e3o destas homenagens a estas ilustres personalidades para receberem t\u00e3o digna condecora\u00e7\u00e3o\u201d, encerrou.<\/p>\n<p style=\"text-align: justify;\">Confira a lista completa dos homenageados e os vereadores autores das resolu\u00e7\u00f5es:<\/p>\n<p style=\"text-align: justify;\"><u>Cidadania Honor\u00e1ria<\/u><\/p>\n<ul style=\"text-align: justify;\">\n<li>Wagner Francisco Alves Pereira &#8211; vereador Alex Chiodi<\/li>\n<li>Sandra de Souza Lobato &#8211; vereador Bruno Barreiro<\/li>\n<li>Dinis Ant\u00f4nio Pinheiro &#8211; vereador Daniel do Irineu<\/li>\n<li>Marcos Batista da Silva \u2013 vereador Jo\u00e3o Bosco New Texas<\/li>\n<li>Padre Paulo Ferreira da Silva &#8211; vereador Jo\u00e3o Bosco New Texas<\/li>\n<li>Pastor Samuel Amaro &#8211; vereador Jos\u00e9 Carlos Gomes<\/li>\n<li>Sirlandio Ferreira de Oliveira &#8211; vereadora Silvinha Dudu<\/li>\n<\/ul>\n<p style=\"text-align: justify;\"><u>Honra ao M\u00e9rito<\/u><\/p>\n<ul style=\"text-align: justify;\">\n<li>Jo\u00e3o Mendes de Freitas &#8211; vereador Jair Tropical<\/li>\n<li>Maria Aparecida de Jesus &#8211; vereador 1\u00b0 Vice-Presidente, Z\u00e9 Ant\u00f4nio do Hosp. Santa Helena<\/li>\n<li>Dr. Bernardo Federici Guedes &#8211;\u00a0Projeto de autoria do Vereador Xexeu<\/li>\n<\/ul>\n<p style=\"text-align: justify;\"><u>M\u00e9rito Desportivo<\/u><\/p>\n<ul style=\"text-align: justify;\">\n<li>St\u00e9fani Machado Vital &#8211; vereadora 2\u00aa Vice-Presidente, Gl\u00f3ria da Aposentadoria<\/li>\n<li>Sada Cruzeiro &#8211; vereador Vinicius Faria<\/li>\n<\/ul>\n<p style=\"text-align: justify;\"><em>*<a href=\"http:\/\/www.cmc.mg.gov.br\/?p=9526\" target=\"_blank\" rel=\"noopener noreferrer\">Clique aqui e veja a galeria de fotos deste evento<\/a>.<\/em><\/p>\n","protected":false},"excerpt":{"rendered":"<p>A noite da \u00faltima quinta-feira (09\/11) foi marcada por homenagens no Legislativo municipal, quando onze personalidades foram condecoradas com os t\u00edtulos de Cidadania Honor\u00e1ria, M\u00e9rito Desportivo e Honra ao M\u00e9rito. Al\u00e9m dos vereadores, dos homenageados, amigos e familiares, prestigiaram o evento o Procurador-Geral do Munic\u00edpio, Afonso Jos\u00e9 de Andrade, representando o Executivo, e o secret\u00e1rio &hellip; <a href=\"https:\/\/www.cmc.mg.gov.br\/?p=9522\" class=\"more-link\">Continue lendo <span class=\"screen-reader-text\">C\u00e2mara homenageia personalidades e institui\u00e7\u00f5es em cerim\u00f4nia nesta quinta-feira<\/span> <span class=\"meta-nav\">&rarr;<\/span><\/a><\/p>\n","protected":false},"author":2,"featured_media":9519,"comment_status":"open","ping_status":"open","sticky":false,"template":"","format":"standard","meta":{"_exactmetrics_skip_tracking":false,"_exactmetrics_sitenote_active":false,"_exactmetrics_sitenote_note":"","_exactmetrics_sitenote_category":0,"footnotes":""},"categories":[27],"tags":[],"class_list":["post-9522","post","type-post","status-publish","format-standard","has-post-thumbnail","hentry","category-noticias"],"_links":{"self":[{"href":"https:\/\/www.cmc.mg.gov.br\/index.php?rest_route=\/wp\/v2\/posts\/9522","targetHints":{"allow":["GET"]}}],"collection":[{"href":"https:\/\/www.cmc.mg.gov.br\/index.php?rest_route=\/wp\/v2\/posts"}],"about":[{"href":"https:\/\/www.cmc.mg.gov.br\/index.php?rest_route=\/wp\/v2\/types\/post"}],"author":[{"embeddable":true,"href":"https:\/\/www.cmc.mg.gov.br\/index.php?rest_route=\/wp\/v2\/users\/2"}],"replies":[{"embeddable":true,"href":"https:\/\/www.cmc.mg.gov.br\/index.php?rest_route=%2Fwp%2Fv2%2Fcomments&post=9522"}],"version-history":[{"count":5,"href":"https:\/\/www.cmc.mg.gov.br\/index.php?rest_route=\/wp\/v2\/posts\/9522\/revisions"}],"predecessor-version":[{"id":9561,"href":"https:\/\/www.cmc.mg.gov.br\/index.php?rest_route=\/wp\/v2\/posts\/9522\/revisions\/9561"}],"wp:featuredmedia":[{"embeddable":true,"href":"https:\/\/www.cmc.mg.gov.br\/index.php?rest_route=\/wp\/v2\/media\/9519"}],"wp:attachment":[{"href":"https:\/\/www.cmc.mg.gov.br\/index.php?rest_route=%2Fwp%2Fv2%2Fmedia&parent=9522"}],"wp:term":[{"taxonomy":"category","embeddable":true,"href":"https:\/\/www.cmc.mg.gov.br\/index.php?rest_route=%2Fwp%2Fv2%2Fcategories&post=9522"},{"taxonomy":"post_tag","embeddable":true,"href":"https:\/\/www.cmc.mg.gov.br\/index.php?rest_route=%2Fwp%2Fv2%2Ftags&post=9522"}],"curies":[{"name":"wp","href":"https:\/\/api.w.org\/{rel}","templated":true}]}}